{"id":979,"date":"2009-07-30T20:14:29","date_gmt":"2009-07-30T23:14:29","guid":{"rendered":"http:\/\/caderno.allanpatrick.net\/?p=979"},"modified":"2009-07-30T20:14:29","modified_gmt":"2009-07-30T23:14:29","slug":"e-pur-si-muove","status":"publish","type":"post","link":"http:\/\/caderno.allanpatrick.net\/?p=979","title":{"rendered":"E pur si muove"},"content":{"rendered":"<h2>A abjura\u00e7\u00e3o<\/h2>\n<p><em>Fonte: <a href=\"http:\/\/caderno.josesaramago.org\/2009\/07\/30\/a-ajuracao\/\">Caderno de Saramago<\/a><\/em><\/p>\n<p style=\"text-align:justify;\">\n<figure id=\"attachment_980\" aria-describedby=\"caption-attachment-980\" style=\"width: 300px\" class=\"wp-caption alignright\"><a href=\"http:\/\/pt.wikipedia.org\/wiki\/Galileu_Galilei\"><img loading=\"lazy\" class=\"size-medium wp-image-980\" title=\"Galileu-inquisi\u00e7\u00e3o\" src=\"http:\/\/caderno.allanpatrick.net\/wp-content\/uploads\/2009\/07\/galileu-inquisicao.jpg?w=300\" alt=\"Galileu diante da Inquisi\u00e7\u00e3o.\" width=\"300\" height=\"228\" \/><\/a><figcaption id=\"caption-attachment-980\" class=\"wp-caption-text\">Galileu diante da Inquisi\u00e7\u00e3o.<\/figcaption><\/figure>\n<p style=\"text-align:justify;\">Eu, <a href=\"http:\/\/pt.wikipedia.org\/wiki\/Galileu_Galilei\">Galileu Galilei<\/a>, filho do falecido Vincenzo Galilei, de Floren\u00e7a, com 70 anos de idade, tendo sido trazido pessoalmente ao julgamento e ajoelhando-me diante de v\u00f3s. eminent\u00edssimos e reverend\u00edssimos <a href=\"http:\/\/pt.wikipedia.org\/wiki\/William_Joseph_Levada\">Cardeais Inquisidores<\/a>-gerais da Comunidade Crist\u00e3 Universal contra a deprava\u00e7\u00e3o her\u00e9tica, tendo frente a meus olhos os Santos Evangelhos, que toco com as minhas pr\u00f3prias m\u00e3os, juro que sempre acreditei e, com o aux\u00edlio de Deus, acreditarei de futuro, em cada artigo que a sagrada Igreja Cat\u00f3lica de Roma sustenta, ensina e prega. Mas porque este <a href=\"http:\/\/pt.wikipedia.org\/wiki\/Congrega\u00e7\u00e3o_para_a_Doutrina_da_F\u00e9\">Sagrado Of\u00edcio<\/a> me ordenou que abandonasse completamente a falsa opini\u00e3o, a qual sustenta que o Sol \u00e9 o centro do mundo e im\u00f3vel, e pro\u00edbe abra\u00e7ar, defender ou ensinar de qualquer modo a dita falsa doutrina. [\u2026] Eu desejo remover da mente de Vossas Emin\u00eancias e da de cada crist\u00e3o cat\u00f3lico esta suspeita correctamente concebida contra mim; portanto, com sinceridade de cora\u00e7\u00e3o e verdadeira f\u00e9, abjuro, maldigo e detesto os ditos erros e heresias, e em geral todos os outros erros e seitas contr\u00e1rios \u00e0 dita Santa Igreja; e eu juro que nunca mais no futuro direi, ou afirmarei nada, verbalmente ou por escrito, que possa levantar semelhante suspeita contra mim, mas se eu vier a conhecer qualquer herege ou qualquer suspeito de heresia, eu o denunciarei a este <a href=\"http:\/\/www.vatican.va\/roman_curia\/congregations\/cfaith\/index_po.htm\">Santo Of\u00edcio<\/a> ou ao inquiridor Ordin\u00e1rio do lugar onde eu estiver. Juro, al\u00e9m disso, e prometo que cumprirei e observarei todas as penit\u00eancias que me foram ou sejam impostas por este Santo Of\u00edcio. Mas se por acaso eu vier a violar qualquer uma de minhas ditas promessas, juramentos e protestos (o que Deus n\u00e3o permita), sujeitar-me-ei a todas as penas e puni\u00e7\u00f5es que forem decretadas e promulgadas pelos sagrados c\u00e2nones e outras constitui\u00e7\u00f5es gerais e particulares contra delinquentes assim descritos. Portanto, com a ajuda de Deus e de seus Santos Evangelhos, que eu toco com as minhas m\u00e3os, eu, abaixo assinado, Galileu Galilei, abjurei, jurei, prometi e me obriguei moralmente ao que est\u00e1 acima escrito, e, em f\u00e9 de que, com minha pr\u00f3pria m\u00e3o, assinei este manuscrito de minha abjura\u00e7\u00e3o, o qual eu recitei palavra por palavra.<\/p>\n","protected":false},"excerpt":{"rendered":"<p>A abjura\u00e7\u00e3o Fonte: Caderno de Saramago Eu, Galileu Galilei, filho do falecido Vincenzo Galilei, de Floren\u00e7a, com 70 anos de idade, tendo sido trazido pessoalmente ao julgamento e ajoelhando-me diante de v\u00f3s. eminent\u00edssimos e reverend\u00edssimos Cardeais Inquisidores-gerais da Comunidade Crist\u00e3 Universal contra a deprava\u00e7\u00e3o her\u00e9tica, tendo frente a meus olhos os Santos Evangelhos, que toco&hellip; <a class=\"more-link\" href=\"http:\/\/caderno.allanpatrick.net\/?p=979\">Continue reading <span class=\"screen-reader-text\">E pur si muove<\/span><\/a><\/p>\n","protected":false},"author":1,"featured_media":0,"comment_status":"open","ping_status":"open","sticky":false,"template":"","format":"standard","meta":[],"categories":[3],"tags":[285,344,585],"_links":{"self":[{"href":"http:\/\/caderno.allanpatrick.net\/index.php?rest_route=\/wp\/v2\/posts\/979"}],"collection":[{"href":"http:\/\/caderno.allanpatrick.net\/index.php?rest_route=\/wp\/v2\/posts"}],"about":[{"href":"http:\/\/caderno.allanpatrick.net\/index.php?rest_route=\/wp\/v2\/types\/post"}],"author":[{"embeddable":true,"href":"http:\/\/caderno.allanpatrick.net\/index.php?rest_route=\/wp\/v2\/users\/1"}],"replies":[{"embeddable":true,"href":"http:\/\/caderno.allanpatrick.net\/index.php?rest_route=%2Fwp%2Fv2%2Fcomments&post=979"}],"version-history":[{"count":0,"href":"http:\/\/caderno.allanpatrick.net\/index.php?rest_route=\/wp\/v2\/posts\/979\/revisions"}],"wp:attachment":[{"href":"http:\/\/caderno.allanpatrick.net\/index.php?rest_route=%2Fwp%2Fv2%2Fmedia&parent=979"}],"wp:term":[{"taxonomy":"category","embeddable":true,"href":"http:\/\/caderno.allanpatrick.net\/index.php?rest_route=%2Fwp%2Fv2%2Fcategories&post=979"},{"taxonomy":"post_tag","embeddable":true,"href":"http:\/\/caderno.allanpatrick.net\/index.php?rest_route=%2Fwp%2Fv2%2Ftags&post=979"}],"curies":[{"name":"wp","href":"https:\/\/api.w.org\/{rel}","templated":true}]}}