{"id":888,"date":"2009-07-20T22:43:30","date_gmt":"2009-07-21T01:43:30","guid":{"rendered":"http:\/\/caderno.allanpatrick.net\/?p=888"},"modified":"2009-07-20T22:43:30","modified_gmt":"2009-07-21T01:43:30","slug":"irlanda-crise-financeira-e-liberdade-cambial","status":"publish","type":"post","link":"http:\/\/caderno.allanpatrick.net\/?p=888","title":{"rendered":"Irlanda, crise financeira e liberdade cambial"},"content":{"rendered":"<figure id=\"attachment_891\" aria-describedby=\"caption-attachment-891\" style=\"width: 125px\" class=\"wp-caption alignright\"><a href=\"http:\/\/pt.wikipedia.org\/wiki\/Rep%C3%BAblica_da_Irlanda\"><img loading=\"lazy\" class=\"size-full wp-image-891\" title=\"irlanda\" src=\"http:\/\/caderno.allanpatrick.net\/wp-content\/uploads\/2009\/07\/irlanda.png\" alt=\"irlanda\" width=\"125\" height=\"63\" \/><\/a><figcaption id=\"caption-attachment-891\" class=\"wp-caption-text\">Rep\u00fablica da Irlanda<\/figcaption><\/figure>\n<p style=\"text-align:justify;\"><em><strong>Por Allan Patrick<\/strong><\/em><\/p>\n<p style=\"text-align:justify;\">O <a href=\"http:\/\/www.elpais.com\/\">El Pa\u00eds<\/a> publicou uma reportagem muito interessante neste domingo, 19 de julho de 2009: <a href=\"http:\/\/www.elpais.com\/articulo\/internacional\/Irlanda\/quiere\/ser\/Islandia\/elpepuint\/20090719elpepiint_1\/Tes\">A Irlanda n\u00e3o quer ser a Isl\u00e2ndia<\/a>. Vou destacar e traduzir alguns trechos.<\/p>\n<blockquote>\n<p style=\"text-align:justify;\">O governo levou a cabo quatro ajustes no or\u00e7amento e ainda assim o d\u00e9ficit p\u00fablico disparou e deve chegar, este ano, a 12% do PIB. O Banco Central prev\u00ea que a economia vai se contrair em 6% neste ano e 3% no ano que vem. Os sal\u00e1rios est\u00e3o caindo na iniciativa privada e foram cortados no setor p\u00fablico, reduzindo o n\u00edvel de vida da popula\u00e7\u00e3o aos n\u00edveis de 2002.<\/p>\n<\/blockquote>\n<p style=\"text-align:justify;\">Para fins de compara\u00e7\u00e3o: Irlanda, 12 % de d\u00e9ficit p\u00fablico; Brasil, 3% de super\u00e1vit; Irlanda, 6% de queda no PIB; Brasil, de 0 a 1 % de crescimento do PIB; Irlanda, sal\u00e1rios em queda; Brasil, massa salarial crescente e aumento do sal\u00e1rio m\u00ednimo.<\/p>\n<blockquote>\n<p style=\"text-align:justify;\">Os irlandeses n\u00e3o s\u00f3 se congratulam por fazerem parte da Uni\u00e3o Europeia, como tamb\u00e9m por fazerem parte do <a href=\"http:\/\/pt.wikipedia.org\/wiki\/Euro\">Euro<\/a>. Muitos se perguntam o que teria sido da economia de seu pa\u00eds sem o guarda-chuva do Euro e do <a href=\"http:\/\/pt.wikipedia.org\/wiki\/Banco_Central_Europeu\">Banco Central Europeu<\/a>. O poderoso vizinho brit\u00e2nico, orgulhoso por manter sua independ\u00eancia monet\u00e1ria, viu como se desvalorizava dramaticamente sua libra esterlina, numa queda talvez at\u00e9 provocada pelo governo de Londres, mas que n\u00e3o deixa de refletir a debilidade de sua divisa em tempos turbulentos.<\/p>\n<\/blockquote>\n<p style=\"text-align:justify;\">H\u00e1 diversas vantagens em pertencer \u00e0 Uni\u00e3o Europeia. Entretanto, o aspecto que o El Pa\u00eds destaca com mais \u00eanfase \u00e9 a <strong>estabilidade cambial<\/strong>. Que <strong>n\u00e3o \u00e9 necessariamente uma vantagem<\/strong>. Enquanto o Brasil e o Reino Unido (citado no texto) puderam jogar parcela expressiva da press\u00e3o da crise no c\u00e2mbio, a Irlanda n\u00e3o teve essa liberdade &#8211; pois faz parte do grupo de pa\u00edses que adota o Euro &#8211; e portanto todo o peso da crise financeira foi lan\u00e7ado diretamente na economia real, resultando nos n\u00fameros catastr\u00f3ficos relatados na mat\u00e9ria. Faz lembrar o come\u00e7o do s\u00e9culo XX, quando a rigidez do padr\u00e3o-ouro e o liberalismo econ\u00f4mico radical faziam a economia sofrer em prol de uma estabilidade infrut\u00edfera.<\/p>\n<p style=\"text-align:justify;\">Voltaremos a essa mat\u00e9ria em outro texto, desta vez para analisar a Isl\u00e2ndia.<\/p>\n<h3 style=\"text-align:justify;\">Textos relacionados:<\/h3>\n<p style=\"text-align:justify;\">&#8211; <a href=\"\/2009\/07\/22\/por-que-a-russia-ajudou-a-islandia\/\">Por que a R\u00fassia \u201cajudou\u201d a Isl\u00e2ndia?<\/a><\/p>\n<p style=\"text-align:justify;\">&#8211; <a href=\"\/2009\/04\/08\/islandia-sob-ataque\/\">Isl\u00e2ndia sob ataque<\/a>.<\/p>\n","protected":false},"excerpt":{"rendered":"<p>Por Allan Patrick O El Pa\u00eds publicou uma reportagem muito interessante neste domingo, 19 de julho de 2009: A Irlanda n\u00e3o quer ser a Isl\u00e2ndia. Vou destacar e traduzir alguns trechos. O governo levou a cabo quatro ajustes no or\u00e7amento e ainda assim o d\u00e9ficit p\u00fablico disparou e deve chegar, este ano, a 12% do&hellip; <a class=\"more-link\" href=\"http:\/\/caderno.allanpatrick.net\/?p=888\">Continue reading <span class=\"screen-reader-text\">Irlanda, crise financeira e liberdade cambial<\/span><\/a><\/p>\n","protected":false},"author":1,"featured_media":0,"comment_status":"open","ping_status":"open","sticky":false,"template":"","format":"standard","meta":[],"categories":[2],"tags":[96,155,213,221,250,353,683],"_links":{"self":[{"href":"http:\/\/caderno.allanpatrick.net\/index.php?rest_route=\/wp\/v2\/posts\/888"}],"collection":[{"href":"http:\/\/caderno.allanpatrick.net\/index.php?rest_route=\/wp\/v2\/posts"}],"about":[{"href":"http:\/\/caderno.allanpatrick.net\/index.php?rest_route=\/wp\/v2\/types\/post"}],"author":[{"embeddable":true,"href":"http:\/\/caderno.allanpatrick.net\/index.php?rest_route=\/wp\/v2\/users\/1"}],"replies":[{"embeddable":true,"href":"http:\/\/caderno.allanpatrick.net\/index.php?rest_route=%2Fwp%2Fv2%2Fcomments&post=888"}],"version-history":[{"count":0,"href":"http:\/\/caderno.allanpatrick.net\/index.php?rest_route=\/wp\/v2\/posts\/888\/revisions"}],"wp:attachment":[{"href":"http:\/\/caderno.allanpatrick.net\/index.php?rest_route=%2Fwp%2Fv2%2Fmedia&parent=888"}],"wp:term":[{"taxonomy":"category","embeddable":true,"href":"http:\/\/caderno.allanpatrick.net\/index.php?rest_route=%2Fwp%2Fv2%2Fcategories&post=888"},{"taxonomy":"post_tag","embeddable":true,"href":"http:\/\/caderno.allanpatrick.net\/index.php?rest_route=%2Fwp%2Fv2%2Ftags&post=888"}],"curies":[{"name":"wp","href":"https:\/\/api.w.org\/{rel}","templated":true}]}}