{"id":73,"date":"2009-04-16T14:32:59","date_gmt":"2009-04-16T17:32:59","guid":{"rendered":"http:\/\/allanpatrick.wordpress.com\/?p=73"},"modified":"2009-04-16T14:32:59","modified_gmt":"2009-04-16T17:32:59","slug":"a-unificacao-alema","status":"publish","type":"post","link":"http:\/\/caderno.allanpatrick.net\/?p=73","title":{"rendered":"A unifica\u00e7\u00e3o alem\u00e3"},"content":{"rendered":"<figure id=\"attachment_98\" aria-describedby=\"caption-attachment-98\" style=\"width: 300px\" class=\"wp-caption alignright\"><a href=\"http:\/\/www.flickr.com\/photos\/maguisso\/523693216\/\"><img loading=\"lazy\" class=\"size-medium wp-image-98\" title=\"Trabant\" src=\"http:\/\/caderno.allanpatrick.net\/wp-content\/uploads\/2009\/04\/trabant.jpg?w=300\" alt=\"Trabant, \u00edcone da Alemanha Oriental. Foto por luisvilla.\" width=\"300\" height=\"225\" \/><\/a><figcaption id=\"caption-attachment-98\" class=\"wp-caption-text\">Trabant, \u00edcone da Alemanha Oriental. Foto por luisvilla.<\/figcaption><\/figure>\n<p style=\"text-align:justify;\">H\u00e1 alguns anos (em 2002 ou 2003) eu vi uma edi\u00e7\u00e3o do programa <a href=\"http:\/\/en.wikipedia.org\/wiki\/HARDtalk\">HARDtalk<\/a> da BBC que entrevistava uma ativista pol\u00edtica, cidad\u00e3 da extinta Alemanha Oriental (RDA). N\u00e3o me lembro de seu nome nem tampouco consegui descobrir sua identidade pesquisando na Internet. Bem, ela, muito embora tivesse participado ativa e pacificamente da luta pela reunifica\u00e7\u00e3o alem\u00e3, mostrava seu descontentamento com a forma como tinha sido realizada, sem ouvir a popula\u00e7\u00e3o da Alemanha Oriental. Protestava contra o fato de ter havido n\u00e3o uma unifica\u00e7\u00e3o mas uma anexa\u00e7\u00e3o pela Alemanha Ocidental (RFA). O HARDtalk, apesar de ser um programa relativamente recente (criado em 1997), j\u00e1 tem uma boa tradi\u00e7\u00e3o de entrevistadores competentes e que se preparam muito bem para o programa. Entretanto, nesse dia, o <a href=\"http:\/\/en.wikipedia.org\/wiki\/Tim_Sebastian\">Tim Sebastian<\/a> n\u00e3o me pareceu muito feliz em suas perguntas. Ao inv\u00e9s de se aprofundar naquele sentimento de estranhamento que a entrevistada demonstrava, caiu no clich\u00ea de inqueri-la se ainda nutria simpatias pelo antigo regime.<\/p>\n<p style=\"text-align:justify;\">Recentemente, pude ver um filme alem\u00e3o muito interessante, <a href=\"http:\/\/pt.wikipedia.org\/wiki\/Good_Bye,_Lenin!\">Adeus, L\u00eanin!<\/a> \u00c9 uma com\u00e9dia leve e engra\u00e7ada, tendo como pano de fundo a r\u00e1pida transi\u00e7\u00e3o e unifica\u00e7\u00e3o alem\u00e3. O interessante \u00e9 que ela mostra diversos detalhes do cotidiano dos alem\u00e3es orientais que foi profundamente alterado num espa\u00e7o muito curto de tempo. Al\u00e9m dessas quest\u00f5es culturais abordadas no filme, problemas legais de maior monta tamb\u00e9m surgiram: o <a href=\"http:\/\/en.wikipedia.org\/wiki\/Abortion_in_Germany\">aborto<\/a> era muito mais restrito na Alemanha Ocidental que na Oriental.<\/p>\n<p style=\"text-align:justify;\">Como em todos os embates prevaleceram o sistema legal e os costumes da Alemanha Ocidental, n\u00e3o \u00e9 de se estranhar a sensa\u00e7\u00e3o amarga da popula\u00e7\u00e3o do Leste quanto \u00e0 aus\u00eancia de sua voz na constru\u00e7\u00e3o da Alemanha unificada.<\/p>\n<p style=\"text-align:justify;\">Nesse contexto, fica mais f\u00e1cil entender esta not\u00edcia do jornal madrilenho El Pa\u00eds, publicada em 16\/04\/2009: <a href=\"http:\/\/www.elpais.com\/articulo\/internacional\/SPD\/quiere\/cambiar\/Constitucion\/ganarse\/voto\/Alemania\/elpepuint\/20090416elpepiint_3\/Tes\">El SPD quiere cambiar la Constituci\u00f3n y ganarse el voto del este de Alemania<\/a> (<em>tradu\u00e7\u00e3o:<\/em> O SPD quer mudar a Constitui\u00e7\u00e3o para ganhar votos na Alemanha do Leste). Muito embora n\u00e3o se possa questionar a validade da democracia constru\u00edda a partir da atual Constitui\u00e7\u00e3o Alem\u00e3, aproximadamente 20% da popula\u00e7\u00e3o do pa\u00eds, alem\u00e3es oriundos da extinta RDA, n\u00e3o se sente representada em sua plenitude por ela. Da\u00ed a popularidade da ideia de uma nova constituinte para o pa\u00eds.<\/p>\n<p style=\"padding-left:30px;text-align:justify;\"><span style=\"color:#888888;\"><strong>El SPD quiere cambiar la Constituci\u00f3n y ganarse el voto del este de Alemania<\/strong><br \/>\n<\/span><\/p>\n<p style=\"padding-left:30px;text-align:justify;\"><span style=\"color:#888888;\">El resto de los partidos pol\u00edticos rechaza reemplazar la Ley Fundamental de 1949<\/span><\/p>\n<p style=\"padding-left:30px;\"><span style=\"color:#888888;\">JUAN G\u00d3MEZ &#8211; Berl\u00edn &#8211; 16\/04\/2009<\/span><\/p>\n<p style=\"padding-left:30px;text-align:justify;\"><span style=\"color:#888888;\">El presidente del Partido Socialdem\u00f3crata de Alemania (SPD), Franz M\u00fcntefering, se ha lanzado a la reconquista del este del pa\u00eds con la propuesta de redactar una Constituci\u00f3n que sustituya a la actual Ley Fundamental (Grundgesetz), en vigor desde 1949. M\u00fcntefering recoge de esta forma, 20 a\u00f1os despu\u00e9s de la ca\u00edda del Muro, una vieja demanda de muchos ciudadanos procedentes de la antigua Rep\u00fablica Democr\u00e1tica Alemana (RDA).<\/span><\/p>\n<p style=\"padding-left:30px;\"><span style=\"color:#888888;\">&#8230;<\/span><\/p>\n<p><span style=\"color:#ff0000;\"><em>Atualiza\u00e7\u00e3o de 26\/04\/2009:<\/em><\/span><br \/>\n<span style=\"color:#888888;\"><span style=\"color:#000000;\">Minha tradu\u00e7\u00e3o:<\/span><\/span><\/p>\n<p style=\"text-align:justify;\"><strong>O SPD quer mudar a Constitui\u00e7\u00e3o para ganhar votos na Alemanha do Leste<\/strong><span style=\"color:#888888;\"><span style=\"color:#000000;\"><br \/>\nOs demais partidos pol\u00edticos se recusam a substituir a Lei Fundamental de 1949<br \/>\nJUAN G\u00d3MEZ &#8211; Berlim &#8211; 16\/04\/2009<\/span><\/span><\/p>\n<p style=\"text-align:justify;\">O presidente do Partido Socialdemocrata da Alemanha (SPD), Franz M\u00fcntefering, partiu para a reconquista do eleitorado do leste do pa\u00eds com a proposta de uma constituinte que elabore uma substituta para a atual Carta Magna (Grundgesetz), em vigor desde 1949. M\u00fcntefering reconhece desta forma, 20 anos depois da queda do Muro de Berlim, um velho anseio de muitos cidad\u00e3os da antiga Rep\u00fablica Democr\u00e1tica Alem\u00e3 (RDA).<\/p>\n<p><span style=\"color:#888888;\"><span style=\"color:#000000;\">&#8230;<\/span><\/span><\/p>\n<h3><span style=\"color:#888888;\"><span style=\"color:#000000;\">Textos relacionados:<\/span><\/span><\/h3>\n<p><span style=\"color:#888888;\"><span style=\"color:#000000;\">&#8211; <a href=\"\/2009\/11\/22\/a-queda-do-muro-de-berlim\/\">A queda do Muro de Berlim<\/a>.<br \/>\n<\/span><\/span><\/p>\n","protected":false},"excerpt":{"rendered":"<p>H\u00e1 alguns anos (em 2002 ou 2003) eu vi uma edi\u00e7\u00e3o do programa HARDtalk da BBC que entrevistava uma ativista pol\u00edtica, cidad\u00e3 da extinta Alemanha Oriental (RDA). N\u00e3o me lembro de seu nome nem tampouco consegui descobrir sua identidade pesquisando na Internet. Bem, ela, muito embora tivesse participado ativa e pacificamente da luta pela reunifica\u00e7\u00e3o&hellip; <a class=\"more-link\" href=\"http:\/\/caderno.allanpatrick.net\/?p=73\">Continue reading <span class=\"screen-reader-text\">A unifica\u00e7\u00e3o alem\u00e3<\/span><\/a><\/p>\n","protected":false},"author":1,"featured_media":0,"comment_status":"open","ping_status":"open","sticky":false,"template":"","format":"standard","meta":[],"categories":[2],"tags":[6,24,62,136,221,312],"_links":{"self":[{"href":"http:\/\/caderno.allanpatrick.net\/index.php?rest_route=\/wp\/v2\/posts\/73"}],"collection":[{"href":"http:\/\/caderno.allanpatrick.net\/index.php?rest_route=\/wp\/v2\/posts"}],"about":[{"href":"http:\/\/caderno.allanpatrick.net\/index.php?rest_route=\/wp\/v2\/types\/post"}],"author":[{"embeddable":true,"href":"http:\/\/caderno.allanpatrick.net\/index.php?rest_route=\/wp\/v2\/users\/1"}],"replies":[{"embeddable":true,"href":"http:\/\/caderno.allanpatrick.net\/index.php?rest_route=%2Fwp%2Fv2%2Fcomments&post=73"}],"version-history":[{"count":0,"href":"http:\/\/caderno.allanpatrick.net\/index.php?rest_route=\/wp\/v2\/posts\/73\/revisions"}],"wp:attachment":[{"href":"http:\/\/caderno.allanpatrick.net\/index.php?rest_route=%2Fwp%2Fv2%2Fmedia&parent=73"}],"wp:term":[{"taxonomy":"category","embeddable":true,"href":"http:\/\/caderno.allanpatrick.net\/index.php?rest_route=%2Fwp%2Fv2%2Fcategories&post=73"},{"taxonomy":"post_tag","embeddable":true,"href":"http:\/\/caderno.allanpatrick.net\/index.php?rest_route=%2Fwp%2Fv2%2Ftags&post=73"}],"curies":[{"name":"wp","href":"https:\/\/api.w.org\/{rel}","templated":true}]}}