{"id":4878,"date":"2015-04-16T15:10:25","date_gmt":"2015-04-16T18:10:25","guid":{"rendered":"http:\/\/caderno.allanpatrick.net\/?p=4878"},"modified":"2015-04-16T15:10:25","modified_gmt":"2015-04-16T18:10:25","slug":"a-serie-borgen-e-a-crise-no-governo","status":"publish","type":"post","link":"http:\/\/caderno.allanpatrick.net\/?p=4878","title":{"rendered":"A s\u00e9rie Borgen e a crise no governo"},"content":{"rendered":"<p><figure id=\"attachment_4879\" aria-describedby=\"caption-attachment-4879\" style=\"width: 300px\" class=\"wp-caption alignright\"><a href=\"http:\/\/escrevalolaescreva.blogspot.com.br\/2015\/04\/guest-post-crise-do-governo-e-uma-serie.html\"><img loading=\"lazy\" class=\"size-medium wp-image-4879\" src=\"http:\/\/caderno.allanpatrick.net\/wp-content\/uploads\/2015\/04\/Borgen-300x173.jpg\" alt=\"Borgen e a crise no Governo Federal.\" width=\"300\" height=\"173\" \/><\/a><figcaption id=\"caption-attachment-4879\" class=\"wp-caption-text\">Borgen e a crise no Governo Federal.<\/figcaption><\/figure><br \/>\nPara quem tiver interesse, escrevi um <a href=\"http:\/\/escrevalolaescreva.blogspot.com.br\/2015\/04\/guest-post-crise-do-governo-e-uma-serie.html\"><em>post<\/em><\/a> sobre a s\u00e9rie dinamarquesa Borgen e a crise atual do governo federal, e Lola (do Escreva Lola Escreva) gentilmente abriu espa\u00e7o no seu blogue para <a href=\"http:\/\/escrevalolaescreva.blogspot.com.br\/2015\/04\/guest-post-crise-do-governo-e-uma-serie.html\">public\u00e1-lo<\/a>.<\/p>\n","protected":false},"excerpt":{"rendered":"<p>Para quem tiver interesse, escrevi um post sobre a s\u00e9rie dinamarquesa Borgen e a crise atual do governo federal, e Lola (do Escreva Lola Escreva) gentilmente abriu espa\u00e7o no seu blogue para public\u00e1-lo.<\/p>\n","protected":false},"author":1,"featured_media":4879,"comment_status":"open","ping_status":"open","sticky":false,"template":"","format":"standard","meta":[],"categories":[2],"tags":[72,80,213,307,545],"_links":{"self":[{"href":"http:\/\/caderno.allanpatrick.net\/index.php?rest_route=\/wp\/v2\/posts\/4878"}],"collection":[{"href":"http:\/\/caderno.allanpatrick.net\/index.php?rest_route=\/wp\/v2\/posts"}],"about":[{"href":"http:\/\/caderno.allanpatrick.net\/index.php?rest_route=\/wp\/v2\/types\/post"}],"author":[{"embeddable":true,"href":"http:\/\/caderno.allanpatrick.net\/index.php?rest_route=\/wp\/v2\/users\/1"}],"replies":[{"embeddable":true,"href":"http:\/\/caderno.allanpatrick.net\/index.php?rest_route=%2Fwp%2Fv2%2Fcomments&post=4878"}],"version-history":[{"count":0,"href":"http:\/\/caderno.allanpatrick.net\/index.php?rest_route=\/wp\/v2\/posts\/4878\/revisions"}],"wp:featuredmedia":[{"embeddable":true,"href":"http:\/\/caderno.allanpatrick.net\/index.php?rest_route=\/wp\/v2\/media\/4879"}],"wp:attachment":[{"href":"http:\/\/caderno.allanpatrick.net\/index.php?rest_route=%2Fwp%2Fv2%2Fmedia&parent=4878"}],"wp:term":[{"taxonomy":"category","embeddable":true,"href":"http:\/\/caderno.allanpatrick.net\/index.php?rest_route=%2Fwp%2Fv2%2Fcategories&post=4878"},{"taxonomy":"post_tag","embeddable":true,"href":"http:\/\/caderno.allanpatrick.net\/index.php?rest_route=%2Fwp%2Fv2%2Ftags&post=4878"}],"curies":[{"name":"wp","href":"https:\/\/api.w.org\/{rel}","templated":true}]}}