{"id":4828,"date":"2014-09-30T11:26:08","date_gmt":"2014-09-30T14:26:08","guid":{"rendered":"http:\/\/caderno.allanpatrick.net\/?p=4828"},"modified":"2014-09-30T11:26:08","modified_gmt":"2014-09-30T14:26:08","slug":"declaracao-de-voto-2014-rn","status":"publish","type":"post","link":"http:\/\/caderno.allanpatrick.net\/?p=4828","title":{"rendered":"Declara\u00e7\u00e3o de voto 2014 &#8211; RN"},"content":{"rendered":"<p><em><strong>Por Allan Patrick<\/strong><\/em><br \/>\nColoco aqui minha declara\u00e7\u00e3o de voto para as elei\u00e7\u00f5es de 2014 na ordem solicitada pela urna eletr\u00f4nica.<\/p>\n<h2>Deputado Federal<\/h2>\n<p><figure id=\"attachment_4777\" aria-describedby=\"caption-attachment-4777\" style=\"width: 300px\" class=\"wp-caption alignright\"><a href=\"http:\/\/caderno.allanpatrick.net\/wp-content\/uploads\/2014\/08\/hugo-manso-1366-deputado-federal.jpg\"><img loading=\"lazy\" class=\"size-medium wp-image-4777\" src=\"http:\/\/caderno.allanpatrick.net\/wp-content\/uploads\/2014\/08\/hugo-manso-1366-deputado-federal-300x300.jpg\" alt=\"Hugo Manso 1366 \u00e9 o nosso candidato a Deputado Federal.\" width=\"300\" height=\"300\" \/><\/a><figcaption id=\"caption-attachment-4777\" class=\"wp-caption-text\">Hugo Manso 1366 \u00e9 o nosso candidato a Deputado Federal.<\/figcaption><\/figure><br \/>\n<a href=\"http:\/\/www.hugomanso1366.com.br\">Hugo Manso 1366<\/a>\u00a0(PT). \u00c9 o\u00a0\u00fanico candidato no Rio Grande do Norte que est\u00e1 chamando a aten\u00e7\u00e3o para\u00a0a responsabilidade de decidir o que fazer com o <a href=\"http:\/\/www.hugomanso1366.com.br\/nosso-programa\/programa-para-a-educacao\/\">multibilion\u00e1rio Fundo do Pr\u00e9-Sal<\/a>. Sua proposta, adequada \u00e0 situa\u00e7\u00e3o de nosso estado e ao porte do fundo, \u00e9 progressivamente <a href=\"http:\/\/www.hugomanso1366.com.br\/nosso-programa\/programa-para-a-educacao\/\">federalizar o ensino m\u00e9dio<\/a>, amarrando recursos estaduais atualmente destinados a ele ao custeio de creches p\u00fablicas e escolas de ensino fundamental. Eleitores \u00e0 esquerda tem se sentido \u00f3rf\u00e3os com a sa\u00edda de F\u00e1tima Bezerra para o Senado. Na matem\u00e1tica do voto proporcional, a coliga\u00e7\u00e3o onde o PT se insere tem boa chances de\u00a0eleger 3 deputados federais. Hugo Manso, <a href=\"http:\/\/www.hugomanso1366.com.br\/pesquisa-coloca-hugo-manso-entre-os-8-deputados-federais-mais-votados-em-natal\/\">at\u00e9 onde as pesquisas mostram<\/a>, tem \u00f3timas chances de ser o terceiro colocado, mantendo a representa\u00e7\u00e3o do PT-RN na C\u00e2mara dos Deputados. Representa\u00e7\u00e3o esta que foi fundamental na expans\u00e3o do ensino federal no\u00a0RN, que conta hoje com 19 campi do <a href=\"portal.ifrn.edu.br\">IFRN<\/a> e duas universidades federais com v\u00e1rios\u00a0campi: <a href=\"http:\/\/www.ufrn.br\">UFRN<\/a> e <a href=\"http:\/\/www.ufersa.edu.br\">Ufersa<\/a>. Hugo \u00e9 ainda comprometido com causas pouco comuns \u00e0 maioria dos candidatos, como <a href=\"http:\/\/www.hugomanso1366.com.br\/tag\/ciencia-tecnologia\/\">Ci\u00eancia &amp; Tecnologia<\/a>\u00a0e a <a href=\"http:\/\/www.hugomanso1366.com.br\/qualquer-maneira-de-amor-vale-pena\/\">garantia de um estado laico<\/a>.<\/p>\n<h2>Deputado Estadual<\/h2>\n<p><a href=\"http:\/\/www.mineiro13666.com.br\/\">Fernando Mineiro 13666<\/a>\u00a0(PT). A\u00a0voz\u00a0mais\u00a0independente e cr\u00edtica na Assembleia Legislativa, foi eleito <a href=\"http:\/\/www.al.rn.gov.br\/portal\/noticias\/3248\/fernando-mineiro-eleito-parlamentar-do-ano-de-2013\">parlamentar do ano em 2013<\/a>.<\/p>\n<h2>Senadora<\/h2>\n<p><a href=\"http:\/\/fatima131.com.br\">F\u00e1tima Bezerra 131<\/a> (PT). Candidata ao Senado, foi durante 12 anos Deputada Federal. Mostrou como transforma\u00e7\u00f5es sociais importantes podem ocorrer a partir de um instrumento de poder t\u00e3o pequeno (apenas 1\/513 avos da C\u00e2mara dos Deputados!), ao focar o seu mandato na expans\u00e3o do ensino federal no Rio Grande do Norte, provocando uma <a href=\"http:\/\/portal.ifrn.edu.br\/campus\/reitoria\/noticias\/materia-sobre-aluno-do-ifrn-aprovado-em-medicina-repercute-nas-redes-sociais\">pequena revolu\u00e7\u00e3o social no estado<\/a>.<\/p>\n<h2>Governador<\/h2>\n<p><a href=\"http:\/\/www.robinson55.com\/\">Robinson Faria 55<\/a>\u00a0(PSD). \u00danica alternativa com chances reais de derrotar a coliga\u00e7\u00e3o popularmente conhecida como\u00a0<a href=\"https:\/\/www.youtube.com\/watch?v=FmeV75zjDMs\">Acord\u00e3o<\/a>\u00a0e\u00a0que re\u00fane\u00a0todos os ex-governadores do Rio Grande do Norte. Apesar de ser o atual vice-governador, \u00e9 o pol\u00edtico fora do PT que est\u00e1 h\u00e1 mais tempo na oposi\u00e7\u00e3o ao atual <a href=\"\/2013\/01\/20\/o-ponto-de-nao-retorno-do-governo-rosalba\/\">governo estadual<\/a>, com quem rompeu h\u00e1 tr\u00eas anos. Boa parte do Acord\u00e3o continua na base do atual governo &#8211; um dos mais impopulares da hist\u00f3ria &#8211; ou convenientemente\u00a0mal acabou de passar pra oposi\u00e7\u00e3o.<\/p>\n<h2>Presidenta<\/h2>\n<p><figure id=\"attachment_3175\" aria-describedby=\"caption-attachment-3175\" style=\"width: 135px\" class=\"wp-caption alignright\"><a href=\"http:\/\/www.dilma.com.br\"><img loading=\"lazy\" class=\"wp-image-3175 size-full\" src=\"http:\/\/caderno.allanpatrick.net\/wp-content\/uploads\/2010\/09\/dilma.jpg\" alt=\"Dilma, Presidenta, 13.\" width=\"135\" height=\"162\" \/><\/a><figcaption id=\"caption-attachment-3175\" class=\"wp-caption-text\">Dilma, Presidenta, 13.<\/figcaption><\/figure><br \/>\n<a href=\"http:\/\/www.dilma.com.br\">Dilma 13<\/a>\u00a0(PT). O Brasil \u00e9 o pa\u00eds relevante que mais reduziu a desigualdade social nos \u00faltimos 12 anos.\u00a0Mais devagar do que gostar\u00edamos, mas reduziu. Os demais candidatos, ou n\u00e3o tem viabilidade eleitoral\u00a0ou simplesmente ignoram a quest\u00e3o (como Marina e A\u00e9cio), o que \u00e9 simplesmente vergonhoso se lembrarmos que essa \u00e9 <a href=\"\/2014\/08\/13\/pior-coisa-sobre-o-brasil\/\">a pior caracter\u00edstica do Brasil<\/a>.<\/p>\n","protected":false},"excerpt":{"rendered":"<p>Por Allan Patrick Coloco aqui minha declara\u00e7\u00e3o de voto para as elei\u00e7\u00f5es de 2014 na ordem solicitada pela urna eletr\u00f4nica. Deputado Federal Hugo Manso 1366\u00a0(PT). \u00c9 o\u00a0\u00fanico candidato no Rio Grande do Norte que est\u00e1 chamando a aten\u00e7\u00e3o para\u00a0a responsabilidade de decidir o que fazer com o multibilion\u00e1rio Fundo do Pr\u00e9-Sal. Sua proposta, adequada \u00e0&hellip; <a class=\"more-link\" href=\"http:\/\/caderno.allanpatrick.net\/?p=4828\">Continue reading <span class=\"screen-reader-text\">Declara\u00e7\u00e3o de voto 2014 &#8211; RN<\/span><\/a><\/p>\n","protected":false},"author":1,"featured_media":4777,"comment_status":"open","ping_status":"open","sticky":false,"template":"","format":"standard","meta":[],"categories":[2],"tags":[169,175,222,224,545,595],"_links":{"self":[{"href":"http:\/\/caderno.allanpatrick.net\/index.php?rest_route=\/wp\/v2\/posts\/4828"}],"collection":[{"href":"http:\/\/caderno.allanpatrick.net\/index.php?rest_route=\/wp\/v2\/posts"}],"about":[{"href":"http:\/\/caderno.allanpatrick.net\/index.php?rest_route=\/wp\/v2\/types\/post"}],"author":[{"embeddable":true,"href":"http:\/\/caderno.allanpatrick.net\/index.php?rest_route=\/wp\/v2\/users\/1"}],"replies":[{"embeddable":true,"href":"http:\/\/caderno.allanpatrick.net\/index.php?rest_route=%2Fwp%2Fv2%2Fcomments&post=4828"}],"version-history":[{"count":0,"href":"http:\/\/caderno.allanpatrick.net\/index.php?rest_route=\/wp\/v2\/posts\/4828\/revisions"}],"wp:featuredmedia":[{"embeddable":true,"href":"http:\/\/caderno.allanpatrick.net\/index.php?rest_route=\/wp\/v2\/media\/4777"}],"wp:attachment":[{"href":"http:\/\/caderno.allanpatrick.net\/index.php?rest_route=%2Fwp%2Fv2%2Fmedia&parent=4828"}],"wp:term":[{"taxonomy":"category","embeddable":true,"href":"http:\/\/caderno.allanpatrick.net\/index.php?rest_route=%2Fwp%2Fv2%2Fcategories&post=4828"},{"taxonomy":"post_tag","embeddable":true,"href":"http:\/\/caderno.allanpatrick.net\/index.php?rest_route=%2Fwp%2Fv2%2Ftags&post=4828"}],"curies":[{"name":"wp","href":"https:\/\/api.w.org\/{rel}","templated":true}]}}