{"id":4722,"date":"2013-11-21T18:45:18","date_gmt":"2013-11-21T21:45:18","guid":{"rendered":"http:\/\/caderno.allanpatrick.net\/?p=4722"},"modified":"2013-11-21T18:45:18","modified_gmt":"2013-11-21T21:45:18","slug":"minorias-e-servico-publico-no-brasil","status":"publish","type":"post","link":"http:\/\/caderno.allanpatrick.net\/?p=4722","title":{"rendered":"Minorias e servi\u00e7o p\u00fablico no Brasil"},"content":{"rendered":"<p><figure id=\"attachment_3462\" aria-describedby=\"caption-attachment-3462\" style=\"width: 300px\" class=\"wp-caption alignright\"><a href=\"http:\/\/escrevalolaescreva.blogspot.com.br\/2013\/11\/guest-post-diferenca-salarial-entre.html\"><img loading=\"lazy\" class=\"size-medium wp-image-3462  \" alt=\"Escreva Lola Escreva, um dos principais blogues feministas no Brasil.\" src=\"http:\/\/caderno.allanpatrick.net\/wp-content\/uploads\/2011\/02\/escreva-lola-escreva-300x224.png\" width=\"300\" height=\"224\" \/><\/a><figcaption id=\"caption-attachment-3462\" class=\"wp-caption-text\">Escreva Lola Escreva, um dos principais blogues feministas no Brasil.<\/figcaption><\/figure><br \/>\nA Lola, do blogue <a href=\"http:\/\/escrevalolaescreva.blogspot.com.br\/\">Escreva, Lola Escreva<\/a>, gentilmente me convidou a escrever um texto sobre como <a href=\"http:\/\/escrevalolaescreva.blogspot.com.br\/2013\/11\/guest-post-diferenca-salarial-entre.html\">diferen\u00e7as salariais entre g\u00eaneros persistem at\u00e9 no funcionalismo p\u00fablico brasileiro<\/a>. Aproveitei para falar tamb\u00e9m um pouco da quest\u00e3o racial. V\u00e3o l\u00e1 e <a href=\"http:\/\/escrevalolaescreva.blogspot.com.br\/2013\/11\/guest-post-diferenca-salarial-entre.html\">confiram<\/a>.<\/p>\n","protected":false},"excerpt":{"rendered":"<p>A Lola, do blogue Escreva, Lola Escreva, gentilmente me convidou a escrever um texto sobre como diferen\u00e7as salariais entre g\u00eaneros persistem at\u00e9 no funcionalismo p\u00fablico brasileiro. Aproveitei para falar tamb\u00e9m um pouco da quest\u00e3o racial. V\u00e3o l\u00e1 e confiram.<\/p>\n","protected":false},"author":1,"featured_media":0,"comment_status":"open","ping_status":"open","sticky":false,"template":"","format":"standard","meta":[],"categories":[2],"tags":[84,147,264,573,621],"_links":{"self":[{"href":"http:\/\/caderno.allanpatrick.net\/index.php?rest_route=\/wp\/v2\/posts\/4722"}],"collection":[{"href":"http:\/\/caderno.allanpatrick.net\/index.php?rest_route=\/wp\/v2\/posts"}],"about":[{"href":"http:\/\/caderno.allanpatrick.net\/index.php?rest_route=\/wp\/v2\/types\/post"}],"author":[{"embeddable":true,"href":"http:\/\/caderno.allanpatrick.net\/index.php?rest_route=\/wp\/v2\/users\/1"}],"replies":[{"embeddable":true,"href":"http:\/\/caderno.allanpatrick.net\/index.php?rest_route=%2Fwp%2Fv2%2Fcomments&post=4722"}],"version-history":[{"count":0,"href":"http:\/\/caderno.allanpatrick.net\/index.php?rest_route=\/wp\/v2\/posts\/4722\/revisions"}],"wp:attachment":[{"href":"http:\/\/caderno.allanpatrick.net\/index.php?rest_route=%2Fwp%2Fv2%2Fmedia&parent=4722"}],"wp:term":[{"taxonomy":"category","embeddable":true,"href":"http:\/\/caderno.allanpatrick.net\/index.php?rest_route=%2Fwp%2Fv2%2Fcategories&post=4722"},{"taxonomy":"post_tag","embeddable":true,"href":"http:\/\/caderno.allanpatrick.net\/index.php?rest_route=%2Fwp%2Fv2%2Ftags&post=4722"}],"curies":[{"name":"wp","href":"https:\/\/api.w.org\/{rel}","templated":true}]}}