{"id":4300,"date":"2013-02-03T19:17:49","date_gmt":"2013-02-03T22:17:49","guid":{"rendered":"http:\/\/caderno.allanpatrick.net\/?p=4300"},"modified":"2013-02-03T19:17:49","modified_gmt":"2013-02-03T22:17:49","slug":"corrupcao-esse-mal-capitalista-e-o-que-nos-toca-fazer","status":"publish","type":"post","link":"http:\/\/caderno.allanpatrick.net\/?p=4300","title":{"rendered":"Corrup\u00e7\u00e3o, esse mal capitalista, e o que nos toca fazer"},"content":{"rendered":"<p><em><strong>Por Allan Patrick<\/strong><\/em><br \/>\n<figure id=\"attachment_4315\" aria-describedby=\"caption-attachment-4315\" style=\"width: 300px\" class=\"wp-caption alignright\"><a href=\"http:\/\/omossoroense.com.br\/index.php\/cotidiano\/45650-medicos-do-hospital-da-mulher-ameacam-paralisar-atendimento-se-nao-receberem-salarios-atrasados\"><img loading=\"lazy\" class=\"size-medium wp-image-4315\" alt=\"Hospital da Mulher, Mossor\u00f3\/RN. Foto: O Mossoroense.\" src=\"http:\/\/caderno.allanpatrick.net\/wp-content\/uploads\/2013\/02\/Hospital_da_mulher-300x201.jpg\" width=\"300\" height=\"201\" \/><\/a><figcaption id=\"caption-attachment-4315\" class=\"wp-caption-text\">Hospital da Mulher, Mossor\u00f3\/RN, um dos alvos da Opera\u00e7\u00e3o Assepsia. O esquema de terceirizar \u00a0servi\u00e7os p\u00fablicos em larga escala com fins il\u00edcitos nasceu na Espanha. Foto: O Mossoroense.<\/figcaption><\/figure><br \/>\nQuando conversamos com as pessoas, percebemos uma ingenuidade quase provinciana, \u00a0um sentimento amplo e difuso (a vontade que d\u00e1 \u00e9 de usar mais uma vez o famigerado palavr\u00e3o alem\u00e3o: <a href=\"http:\/\/pt.wikipedia.org\/wiki\/Zeitgeist\">zeitgeist<\/a>), de que o Brasil \u00e9, inconteste, inigual\u00e1vel, o campe\u00e3o mundial da corrup\u00e7\u00e3o. Basta abrir o facebook e constatar <em>in loco<\/em>. Ou, se preferir averiguar acrescentando um toque de humor, conferir o desopilante <a href=\"http:\/\/classemediasofre.tumblr.com\/tagged\/corrup%C3%A7%C3%A3o\">Classe M\u00e9dia Sofre<\/a>.<br \/>\nMas n\u00e3o \u00e9 assim. Somos muito exagerados na nossa auto deprecia\u00e7\u00e3o. Infelizmente, a corrup\u00e7\u00e3o \u00e9 uma caracter\u00edstica intr\u00ednseca a todo sistema onde o <em>vil metal<\/em> \u00e9 cultuado como o valor moral \u00faltimo da sociedade, at\u00e9 mesmo por <a href=\"http:\/\/www1.folha.uol.com.br\/poder\/1216954-revista-forbes-lista-pastores-evangelicos-mais-ricos-do-brasil.shtml\">aqueles que se dizem seguidores de um Deus maior<\/a>.<br \/>\nEstes dias (janeiro\/2013), a Espanha, j\u00e1 assolada pela crise econ\u00f4mica, v\u00ea com furor tornar-se p\u00fablico mais um esc\u00e2ndalo de corrup\u00e7\u00e3o, possivelmente o maior desde o fim do <a href=\"http:\/\/pt.wikipedia.org\/wiki\/Franquismo\">franquismo<\/a>:\u00a0\u00c1lvaro Lapuerta e Luis B\u00e1rcenas, tesoureiros do <a href=\"http:\/\/pt.wikipedia.org\/wiki\/Partido_Popular_(Espanha)\">Partido Popular<\/a>\u00a0(PP), ideologicamente afim ao brasileiro Democratas e atualmente governando a maioria das regi\u00f5es aut\u00f4nomas e o governo central espanhol, tiveram <a href=\"http:\/\/politica.elpais.com\/politica\/2013\/01\/30\/actualidad\/1359583204_085918.html\">reveladas suas contas secretas em para\u00edsos fiscais<\/a>.<br \/>\nEssas contas eram abastecidas por dinheiro ilegal proveniente de diversas fontes, dentre as quais as empresas envolvidas no <a href=\"http:\/\/es.wikipedia.org\/wiki\/Caso_G%C3%BCrtel\">esc\u00e2ndalo G\u00fcrtel<\/a>, que consistia em fraudar terceiriza\u00e7\u00f5es das comunidades aut\u00f4nomas e prefeituras administradas pelo PP (algu\u00e9m mais a\u00ed pensou na\u00a0<a href=\"http:\/\/www.blogdodanieldantas.com.br\/search\/label\/Opera%C3%A7%C3%A3o%20Assepsia\">Associa\u00e7\u00e3o Marca<\/a>?), al\u00e9m de burlar restri\u00e7\u00f5es \u00e0 constru\u00e7\u00e3o civil estabelecidas em planos diretores e \u00e1reas de prote\u00e7\u00e3o ambiental.<br \/>\nEssas contas eram utilizadas para abastecer remessas peri\u00f3dicas \u00e0 Espanha, onde eram convertidas em dinheiro vivo e distribu\u00eddas em envelopes, <a href=\"http:\/\/www.publico.es\/449896\/el-pp-esta-podrido-las-cuentas-secretas-de-barcenas-reflejan-pagos-periodicos-a-la-cupula-del-partido\">de forma sistem\u00e1tica e praticamente mensal, a todos os integrantes mais graduados do Partido<\/a>, incluindo-se a\u00ed o atual primeiro-ministro, Mariano Rajoy, <a href=\"\/2012\/05\/09\/espanha-futebol-e-crise-economica\/\">Rodrigo Rato<\/a> (ex-presidente do FMI) e v\u00e1rias outras figuras expressivas do partido. O procedimento teria se iniciado em 1997, quando da chegada ao poder de Jos\u00e9 Maria Aznar e o esquema foi trazido \u00e0 luz da imprensa em meio \u00e0 uma briga interna no partido provocada pela desconfian\u00e7a de que B\u00e1rcenas estivesse desviando recursos das contas para uso pr\u00f3prio.<br \/>\n<figure id=\"attachment_4316\" aria-describedby=\"caption-attachment-4316\" style=\"width: 300px\" class=\"wp-caption alignright\"><a href=\"http:\/\/caderno.allanpatrick.net\/wp-content\/uploads\/2013\/02\/santa-catalina.jpg\"><img loading=\"lazy\" class=\"size-medium wp-image-4316\" alt=\"O Col\u00e9gio P\u00fablico Santa Catalina, em Majadahonda, abandonado \u00e0 espera da demoli\u00e7\u00e3o (2009). Foto: acervo pessoal.\" src=\"http:\/\/caderno.allanpatrick.net\/wp-content\/uploads\/2013\/02\/santa-catalina-300x225.jpg\" width=\"300\" height=\"225\" \/><\/a><figcaption id=\"caption-attachment-4316\" class=\"wp-caption-text\">O Col\u00e9gio P\u00fablico Santa Catalina, em Majadahonda, abandonado \u00e0 espera da demoli\u00e7\u00e3o (2009). Foto: acervo pessoal.<\/figcaption><\/figure><br \/>\nNuma investiga\u00e7\u00e3o s\u00e9ria, como a deste caso, que j\u00e1 vinha acontecendo h\u00e1 v\u00e1rios anos, cruzam-se v\u00e1rias fontes, provas documentais e testemunhos (ao contr\u00e1rio da <a href=\"\/2012\/10\/22\/dirceu-e-genoino-condenados-pelo-zeitgeist\/\">A\u00e7\u00e3o Penal 470<\/a>). Uma das testemunhas mais relevantes \u00e9 <a href=\"http:\/\/www.publico.es\/449937\/el-hombre-que-destapo-las-irregularidades-en-el-pp-rajoy-no-tiene-verguenza-ni-perdon-de-dios\">Jos\u00e9 Lu\u00eds Pe\u00f1as<\/a>, ex-vereador de Majadahonda, na regi\u00e3o metropolitana de Madri.<br \/>\n(Por uma dessas coincid\u00eancias da vida, entre 1987 e 1990 morei nessa cidadezinha. E, na virada de 2008 para 2009, tive a oportunidade de voltar para visit\u00e1-la. Qual n\u00e3o foi minha supresa ao tomar conhecimento que a escola p\u00fablica onde havia estudado seria <a href=\"http:\/\/elpais.com\/diario\/2008\/03\/26\/madrid\/1206534260_850215.html\">demolida para se tornar uma pra\u00e7a<\/a>, ao custo de <a href=\"http:\/\/www.iu-majadahonda.org\/2011\/02\/20\/contra-el-despilfarro-de-la-plaza-de-la-constitucion\/\">20 milh\u00f5es de euros<\/a>\u00a0e seria substitu\u00edda por uma escola &#8220;concertada&#8221; &#8211; entidade privada, gratuita para os alunos, mas custeada com recursos p\u00fablicos &#8211; mantida por uma associa\u00e7\u00e3o &#8220;sem fins lucrativos&#8221;. Essas escolas costumam ser, na Espanha, <a href=\"http:\/\/www.lavanguardia.com\/vida\/20120907\/54347144388\/un-colegio-concertado-cuesta-al-ano-un-70-mas-que-uno-publico-segun-la-ocu.html\">70% mais caras do que as p\u00fablicas<\/a>. N\u00e3o levei muito tempo para chegar \u00e0 conclus\u00e3o que alguma coisa cheirava mal nessa f\u00faria terceirizadora de atividades fins do estado.)<br \/>\nVoltando \u00e0 investiga\u00e7\u00e3o judicial do caso, que teve \u00e0 sua frente o infatig\u00e1vel Baltasar Garz\u00f3n, arrisco-me a afirmar que a mais expressiva viol\u00eancia \u00e0 independ\u00eancia do judici\u00e1rio em um pa\u00eds da Europa Ocidental neste s\u00e9culo XXI ocorreu com sua <a href=\"http:\/\/politica.elpais.com\/politica\/2012\/01\/23\/actualidad\/1327315561_578421.html\">expuls\u00e3o da carreira judici\u00e1ria<\/a>\u00a0em fun\u00e7\u00e3o da sua investiga\u00e7\u00e3o neste caso. Publicamos aqui, em 2010, uma <a href=\"\/2010\/02\/19\/jose-saramago-defende-o-juiz-baltasar-garzon\/\">nota de Jos\u00e9 Saramago em solidariedade a Garz\u00f3n<\/a>. Sempre, nessas horas, surge o coment\u00e1rio bisonho sobre o fato da Espanha ser a &#8220;periferia&#8221; da Europa e &#8220;l\u00e1&#8221; ser &#8220;normal&#8221; que essas coisas &#8220;estranhas&#8221; aconte\u00e7am. Mas a Uni\u00e3o Europeia, t\u00e3o ciente de suas cl\u00e1usulas democr\u00e1ticas, e os demais pa\u00edses &#8220;paladinos&#8221; da democracia europeia, mantiveram-se em perfeito sil\u00eancio sobre esse ataque frontal \u00e0 independ\u00eancia do poder judici\u00e1rio.<br \/>\nPara acrescentar o insulto \u00e0 inj\u00faria, o Partido Popular aprovou no ano passado uma anistia fiscal para quem repatriasse ao pa\u00eds os investimentos que estivessem escondidos em para\u00edsos fiscais, <a href=\"http:\/\/www.pagina12.com.ar\/diario\/elmundo\/4-212930-2013-01-31.html\">a qual foi prontamente aproveitada pelo tesoureiro, B\u00e1rcenas, para legalizar (lavar com amparo legal) o saldo do dinheiro sujo mantido no exterior<\/a>.<br \/>\nTalvez o leitor, em sua inoc\u00eancia, atribua essa situa\u00e7\u00e3o \u00e0 &#8220;cultura ib\u00e9rica&#8221;. Sinto informar, entretanto, que Eva Joly, magistrada francesa, vive praticamente exilada em sua Noruega natal, ap\u00f3s ter sido massacrada durante anos pela m\u00eddia da Fran\u00e7a, por suas investiga\u00e7\u00f5es no <a href=\"http:\/\/fr.wikipedia.org\/wiki\/Affaire_Elf\">Caso Elf<\/a>, a ponto de toda uma obra cinematogr\u00e1fica ser produzida para difam\u00e1-la, resenhada aqui em\u00a0<a href=\"\/2010\/09\/19\/a-comedia-do-poder\/\">A Com\u00e9dia do Poder<\/a>. Sobre os Estados Unidos, desfa\u00e7a-se de sua inoc\u00eancia <a href=\"http:\/\/www.obamaworld.es\/2013\/02\/02\/como-es-la-corrupcion-en-estados-unidos\/\">aqui<\/a>.<\/p>\n<h3>Ent\u00e3o, n\u00e3o h\u00e1 solu\u00e7\u00e3o?<\/h3>\n<p>Claro que h\u00e1. Mas n\u00e3o h\u00e1 nenhuma f\u00f3rmula m\u00e1gica nem bala de prata para tratar o problema, s\u00f3 muito trabalho. Aqui mesmo em Natal houve a <a href=\"http:\/\/www.blogdodanieldantas.com.br\/search\/label\/%23RevoltadoBusao\">#revoltadobus\u00e3o<\/a>, p\u00e1 de cal do governo Micarla. De que lado voc\u00ea estava? Apoiando o movimento ou reclamando do tr\u00e2nsito? S\u00f3 o <a href=\"http:\/\/www.blogdodanieldantas.com.br\/2012\/12\/ruas-interrompidas-direito-de-ir-e-vir.html\">Carnatal<\/a> pode atrapalhar o tr\u00e2nsito, n\u00e9? E quando da <a href=\"http:\/\/deolhonodiscurso.wordpress.com\/2011\/06\/07\/camara-municipal-de-natal-ocupada-por-manifestantes-foramicarla\/\">ocupa\u00e7\u00e3o da C\u00e2mara Municipal de Natal<\/a>?\u00a0Tu\u00edtou contra esses jovens &#8220;baderneiros&#8221;? Ficou em cima do muro? Indiferente? Em sil\u00eancio?<br \/>\nJ\u00e1 nos ensinou Martin Luther King sobre os neutros e indiferentes:<\/p>\n<blockquote><p>Temos que refletir sobre esta gera\u00e7\u00e3o. N\u00e3o apenas pelas palavras ofensivas e pelos atos de viol\u00eancia dos maus, mas pelo sil\u00eancio aterrador e a indiferen\u00e7a das pessoas boas que ficam por ali dizendo &#8220;tenha paci\u00eancia&#8221;.<br \/>\n&nbsp;<br \/>\n<em>It may well be that we will have to repent in this generation.\u00a0Not merely for the vitriolic words and the violent actions of the bad people, but for the appalling silence and indifference of the good people who sit around and say, &#8220;Wait on time&#8221;<\/em><br \/>\n&nbsp;<br \/>\n<em>&#8220;Remaining Awake Through a Great Revolution&#8221;, sermon at the National Cathedral, 31 March 1968, published in A Testament of Hope (1986)<\/em><\/p><\/blockquote>\n","protected":false},"excerpt":{"rendered":"<p>Por Allan Patrick Quando conversamos com as pessoas, percebemos uma ingenuidade quase provinciana, \u00a0um sentimento amplo e difuso (a vontade que d\u00e1 \u00e9 de usar mais uma vez o famigerado palavr\u00e3o alem\u00e3o: zeitgeist), de que o Brasil \u00e9, inconteste, inigual\u00e1vel, o campe\u00e3o mundial da corrup\u00e7\u00e3o. Basta abrir o facebook e constatar in loco. Ou, se&hellip; <a class=\"more-link\" href=\"http:\/\/caderno.allanpatrick.net\/?p=4300\">Continue reading <span class=\"screen-reader-text\">Corrup\u00e7\u00e3o, esse mal capitalista, e o que nos toca fazer<\/span><\/a><\/p>\n","protected":false},"author":1,"featured_media":0,"comment_status":"open","ping_status":"open","sticky":false,"template":"","format":"standard","meta":[],"categories":[2],"tags":[52,145,545,595,705],"_links":{"self":[{"href":"http:\/\/caderno.allanpatrick.net\/index.php?rest_route=\/wp\/v2\/posts\/4300"}],"collection":[{"href":"http:\/\/caderno.allanpatrick.net\/index.php?rest_route=\/wp\/v2\/posts"}],"about":[{"href":"http:\/\/caderno.allanpatrick.net\/index.php?rest_route=\/wp\/v2\/types\/post"}],"author":[{"embeddable":true,"href":"http:\/\/caderno.allanpatrick.net\/index.php?rest_route=\/wp\/v2\/users\/1"}],"replies":[{"embeddable":true,"href":"http:\/\/caderno.allanpatrick.net\/index.php?rest_route=%2Fwp%2Fv2%2Fcomments&post=4300"}],"version-history":[{"count":0,"href":"http:\/\/caderno.allanpatrick.net\/index.php?rest_route=\/wp\/v2\/posts\/4300\/revisions"}],"wp:attachment":[{"href":"http:\/\/caderno.allanpatrick.net\/index.php?rest_route=%2Fwp%2Fv2%2Fmedia&parent=4300"}],"wp:term":[{"taxonomy":"category","embeddable":true,"href":"http:\/\/caderno.allanpatrick.net\/index.php?rest_route=%2Fwp%2Fv2%2Fcategories&post=4300"},{"taxonomy":"post_tag","embeddable":true,"href":"http:\/\/caderno.allanpatrick.net\/index.php?rest_route=%2Fwp%2Fv2%2Ftags&post=4300"}],"curies":[{"name":"wp","href":"https:\/\/api.w.org\/{rel}","templated":true}]}}