{"id":4045,"date":"2012-06-19T20:34:38","date_gmt":"2012-06-19T23:34:38","guid":{"rendered":"http:\/\/caderno.allanpatrick.net\/?p=4045"},"modified":"2012-06-19T20:34:38","modified_gmt":"2012-06-19T23:34:38","slug":"pt-lula-maluf-e-haddad","status":"publish","type":"post","link":"http:\/\/caderno.allanpatrick.net\/?p=4045","title":{"rendered":"PT, Lula, Maluf e Haddad"},"content":{"rendered":"<p><em><strong>Por Allan Patrick<\/strong><\/em><br \/>\n<figure id=\"attachment_4046\" aria-describedby=\"caption-attachment-4046\" style=\"width: 300px\" class=\"wp-caption alignright\"><a href=\"http:\/\/caderno.allanpatrick.net\/wp-content\/uploads\/2012\/06\/Lula-Haddad-Maluf-Folha-UOL.jpg\"><img loading=\"lazy\" class=\"size-medium wp-image-4046\" title=\"Lula-Haddad-Maluf-Folha-UOL\" src=\"http:\/\/caderno.allanpatrick.net\/wp-content\/uploads\/2012\/06\/Lula-Haddad-Maluf-Folha-UOL-300x208.jpg\" alt=\"\" width=\"300\" height=\"208\" \/><\/a><figcaption id=\"caption-attachment-4046\" class=\"wp-caption-text\">Lula, Fernando Haddad e Paulo Maluf. Foto: Folha de S. Paulo\/UOL.<\/figcaption><\/figure><br \/>\nFiquei surpreso com o <em>frisson<\/em> nas redes sociais em torno do apoio do <a href=\"http:\/\/pt.wikipedia.org\/wiki\/Partido_Progressista_(Brasil)\">PP<\/a> (leia-se <a href=\"http:\/\/pt.wikipedia.org\/wiki\/Paulo_Maluf\">Maluf<\/a>) \u00e0 pr\u00e9-candidatura de Fernando Haddad, que provavelmente disputar\u00e1 pelo <a href=\"http:\/\/pt.wikipedia.org\/wiki\/Partido_dos_Trabalhadores\">PT<\/a> a elei\u00e7\u00e3o para Prefeito de S\u00e3o Paulo este ano.<br \/>\nOra, se o PP j\u00e1 vinha apoiando e participando do Governo Lula (e agora, do Governo Dilma) <strong>h\u00e1 v\u00e1rios anos<\/strong>, o que h\u00e1 de novidade numa alian\u00e7a, ainda no primeiro turno, na disputa para a Prefeitura de S\u00e3o Paulo? O PP s\u00f3 n\u00e3o apoiou Dilma no primeiro turno da \u00faltima elei\u00e7\u00e3o presidencial por conta da a\u00e7\u00e3o pessoal do seu presidente nacional, <a href=\"http:\/\/pt.wikipedia.org\/wiki\/Francisco_Dornelles\">Francisco Dornelles<\/a> (primo de <a href=\"http:\/\/pt.wikipedia.org\/wiki\/A\u00e9cio_Neves\">A\u00e9cio Neves<\/a>), para mant\u00ea-lo neutro como forma de &#8220;apoio&#8221; indireto ao ent\u00e3o candidato a presidente pelo PSDB, Jos\u00e9 Serra.<br \/>\n<strong>Saldo<\/strong><br \/>\nDe ben\u00e9fico, para Haddad, est\u00e1 claro que \u00e9 o aumento do tempo de seu programa no hor\u00e1rio eleitoral gratuito na TV. Conden\u00e1vel essa atitude de se aliar a Maluf para conseguir tempo de TV? Poderia agir de um modo diferente? Infelizmente, vivemos numa democracia de massas com um sistema de comunica\u00e7\u00e3o social p\u00fablico extremamente oligopolizado e de pensamento \u00fanico, portanto \u00e9 prov\u00e1vel que a pergunta tenha sentido unicamente ret\u00f3rico e simplesmente n\u00e3o exista alternativa para um candidato competitivo agir de modo diferente (quando <a href=\"http:\/\/pt.wikipedia.org\/wiki\/Luiza_Erundina\">Erundina<\/a> foi eleita prefeita, nos final dos anos 1980, n\u00e3o havia segundo turno, o cen\u00e1rio portanto era outro).<br \/>\nO outro candidato principal, Jos\u00e9 Serra, apesar do festival de horrores revelados na obra <a href=\"http:\/\/www.viomundo.com.br\/denuncias\/privataria-tucana-livro-de-amaury-ribeiro-jr-explica-poder-de-serra.html\">A Privataria Tucana<\/a>, nunca \u00e9 questionado na m\u00eddia por suas op\u00e7\u00f5es \u00e9ticas (quando isso ocorre, o <a href=\"http:\/\/www.cartacapital.com.br\/politica\/resenha-de-a-privataria-tucana-causa-demissao-de-jornalista-na-revista-da-biblioteca-nacional\/\">profissional questionador prejudica sua carreira<\/a>).<br \/>\n<strong>Efeito<\/strong><br \/>\nSer\u00e1 indolor o apoio de Maluf? De forma alguma! Al\u00e9m da quest\u00e3o moral, em que normalmente nos deixamos manipular pelos relativismos mais simplistas, <strong>existe um preju\u00edzo muito real<\/strong> da coliga\u00e7\u00e3o com o PP no \u00e2mbito da formula\u00e7\u00e3o e execu\u00e7\u00e3o de pol\u00edticas p\u00fablicas. No \u00e2mbito federal, a entrada do PP no governo transformou o <a href=\"http:\/\/www.cidades.gov.br\/\">Minist\u00e9rio das Cidades<\/a> de uma institui\u00e7\u00e3o preocupada em planejar <a href=\"http:\/\/mdemulher.abril.com.br\/revistas\/vidasimples\/edicoes\/107\/conversa\/especialista-criar-cidades-melhores-632294.shtml\">cidades para pessoas<\/a>\u00a0(o que lhe rendia cr\u00edticas di\u00e1rias na imprensa de que &#8220;n\u00e3o fazia nada&#8221;), tentando colocar em pr\u00e1tica o <a href=\"http:\/\/www.planalto.gov.br\/ccivil_03\/leis\/leis_2001\/l10257.htm\">Estatuto das Cidades<\/a>, para um minist\u00e9rio rodoviarista na pior tradi\u00e7\u00e3o poss\u00edvel: promove e financia viadutos, duplica\u00e7\u00e3o de avenidas e constru\u00e7\u00e3o de conjuntos habitacionais sem a contrapartida de infraestrutura e em localidades distantes de empregos e oportunidades de lazer e cultura. \u00c9 prov\u00e1vel que um poss\u00edvel governo Haddad venha a pagar o mesmo pre\u00e7o em S\u00e3o Paulo. N\u00e3o ser\u00e1 ele o \u00fanico culpado pelo <a href=\"http:\/\/www.apocalipsemotorizado.net\/2007\/11\/22\/o-fim-ja-comecou\/\">congestionamento final<\/a>, dada a popularidade que o uso do carro ainda goza em nossa sociedade, mas talvez o respons\u00e1vel pela morte do fio de esperan\u00e7a da revers\u00e3o desse estado de coisas.<br \/>\nValer\u00e1 a pena? Os pragm\u00e1ticos tem uma resposta pronta: a diferen\u00e7a na vida das pessoas entre os governos de <a href=\"http:\/\/pt.wikipedia.org\/wiki\/Fernando_Henrique_Cardoso\">Fernando Henrique<\/a> e <a href=\"http:\/\/pt.wikipedia.org\/wiki\/Governo_Lula\">Lula<\/a>\u00a0paga o pre\u00e7o de aceitar um PP na coaliz\u00e3o. Dir\u00e3o mais: a fracassada aposta rodovi\u00e1ria no transporte individual ser\u00e1, com certeza, redobrada num governo Serra (que recentemente afirmou &#8220;<a href=\"http:\/\/www.spressosp.com.br\/2012\/06\/o-sonho-do-automovel-acabou-em-sao-paulo\/\">investir em \u00f4nibus em SP vai causar mais engarrafamentos<\/a>&#8220;), enquanto num governo Haddad estar\u00e1 ainda sujeita a disputa.<br \/>\n&nbsp;<\/p>\n","protected":false},"excerpt":{"rendered":"<p>Por Allan Patrick Fiquei surpreso com o frisson nas redes sociais em torno do apoio do PP (leia-se Maluf) \u00e0 pr\u00e9-candidatura de Fernando Haddad, que provavelmente disputar\u00e1 pelo PT a elei\u00e7\u00e3o para Prefeito de S\u00e3o Paulo este ano. Ora, se o PP j\u00e1 vinha apoiando e participando do Governo Lula (e agora, do Governo Dilma)&hellip; <a class=\"more-link\" href=\"http:\/\/caderno.allanpatrick.net\/?p=4045\">Continue reading <span class=\"screen-reader-text\">PT, Lula, Maluf e Haddad<\/span><\/a><\/p>\n","protected":false},"author":1,"featured_media":0,"comment_status":"open","ping_status":"open","sticky":false,"template":"","format":"standard","meta":[],"categories":[2],"tags":[415,545,665,668,685],"_links":{"self":[{"href":"http:\/\/caderno.allanpatrick.net\/index.php?rest_route=\/wp\/v2\/posts\/4045"}],"collection":[{"href":"http:\/\/caderno.allanpatrick.net\/index.php?rest_route=\/wp\/v2\/posts"}],"about":[{"href":"http:\/\/caderno.allanpatrick.net\/index.php?rest_route=\/wp\/v2\/types\/post"}],"author":[{"embeddable":true,"href":"http:\/\/caderno.allanpatrick.net\/index.php?rest_route=\/wp\/v2\/users\/1"}],"replies":[{"embeddable":true,"href":"http:\/\/caderno.allanpatrick.net\/index.php?rest_route=%2Fwp%2Fv2%2Fcomments&post=4045"}],"version-history":[{"count":0,"href":"http:\/\/caderno.allanpatrick.net\/index.php?rest_route=\/wp\/v2\/posts\/4045\/revisions"}],"wp:attachment":[{"href":"http:\/\/caderno.allanpatrick.net\/index.php?rest_route=%2Fwp%2Fv2%2Fmedia&parent=4045"}],"wp:term":[{"taxonomy":"category","embeddable":true,"href":"http:\/\/caderno.allanpatrick.net\/index.php?rest_route=%2Fwp%2Fv2%2Fcategories&post=4045"},{"taxonomy":"post_tag","embeddable":true,"href":"http:\/\/caderno.allanpatrick.net\/index.php?rest_route=%2Fwp%2Fv2%2Ftags&post=4045"}],"curies":[{"name":"wp","href":"https:\/\/api.w.org\/{rel}","templated":true}]}}