{"id":4026,"date":"2012-06-06T20:22:51","date_gmt":"2012-06-06T23:22:51","guid":{"rendered":"http:\/\/caderno.allanpatrick.net\/?p=4026"},"modified":"2012-06-06T20:22:51","modified_gmt":"2012-06-06T23:22:51","slug":"esquerda-direita-e-responsabilidade-fiscal","status":"publish","type":"post","link":"http:\/\/caderno.allanpatrick.net\/?p=4026","title":{"rendered":"Esquerda, direita e responsabilidade fiscal"},"content":{"rendered":"<p><em><strong>Por Allan Patrick<\/strong><\/em><br \/>\nAinda h\u00e1, no Brasil de hoje, <a href=\"http:\/\/sergyovitro.blogspot.com.br\/2012\/06\/alexandre-schwartsman-preso-na-dimensao.html\">articulistas escrevendo<\/a> nos nossos jornais sobre a irresponsabilidade fiscal da esquerda, em sintonia com a mesma fixa\u00e7\u00e3o intelectual dos Tea Party da vida que <a href=\"http:\/\/www.redebrasilatual.com.br\/blog\/desafiosurbanos\/o-tea-party-politica-e-participacao-no-urbanismo\">azucrinam<\/a> a vida p\u00fablica, seja nos Estados Unidos ou na Alemanha. N\u00e3o vou nem entrar no m\u00e9rito do quanto de <a href=\"\/2011\/08\/18\/a-nova-lideranca-do-tea-party-e-o-dinheiro-publico\/\">hipocrisia<\/a> h\u00e1 nesses movimentos.<br \/>\nO problema dessa &#8220;fixa\u00e7\u00e3o&#8221;, no Brasil, \u00e9 o total desapego aos fatos. Basta ver a apresenta\u00e7\u00e3o do <a href=\"http:\/\/www.bcb.gov.br\/pec\/appron\/apres\/Apresentacao_Alexandre_Tombini_CMO_5-6-2012.pdf\">Presidente do Banco Central, Alexandre Tombini, \u00e0\u00a0Comiss\u00e3o Mista de Planos, Or\u00e7amentos P\u00fablicos e Fiscaliza\u00e7\u00e3o da C\u00e2mara dos Deputados, ontem, 05\/06\/2012<\/a>\u00a0(PDF), da qual eu destaco o gr\u00e1fico sobre a nossa d\u00edvida p\u00fablica l\u00edquida:<br \/>\n<figure id=\"attachment_4029\" aria-describedby=\"caption-attachment-4029\" style=\"width: 462px\" class=\"wp-caption aligncenter\"><a href=\"http:\/\/caderno.allanpatrick.net\/wp-content\/uploads\/2012\/06\/Esquerda-direita-responsabilidade-fiscal-d\u00edvida-p\u00fablica.png\"><img loading=\"lazy\" class=\"size-full wp-image-4029\" title=\"Esquerda-direita-responsabilidade-fiscal-d\u00edvida-p\u00fablica\" src=\"http:\/\/caderno.allanpatrick.net\/wp-content\/uploads\/2012\/06\/Esquerda-direita-responsabilidade-fiscal-d\u00edvida-p\u00fablica.png\" alt=\"\" width=\"462\" height=\"573\" \/><\/a><figcaption id=\"caption-attachment-4029\" class=\"wp-caption-text\">Queda na d\u00edvida p\u00fablica brasileira no per\u00edodo de 2002 a 2012, coincidindo com o fim do governo PSDB e in\u00edcio dos mandatos de Lula e Dilma (PT).<\/figcaption><\/figure><br \/>\nEnt\u00e3o fica claro como a \u00e1gua: no Brasil, a neglig\u00eancia com o n\u00edvel da d\u00edvida p\u00fablica \u00e9 uma quest\u00e3o da direita, n\u00e3o da esquerda.<\/p>\n","protected":false},"excerpt":{"rendered":"<p>Por Allan Patrick Ainda h\u00e1, no Brasil de hoje, articulistas escrevendo nos nossos jornais sobre a irresponsabilidade fiscal da esquerda, em sintonia com a mesma fixa\u00e7\u00e3o intelectual dos Tea Party da vida que azucrinam a vida p\u00fablica, seja nos Estados Unidos ou na Alemanha. N\u00e3o vou nem entrar no m\u00e9rito do quanto de hipocrisia h\u00e1&hellip; <a class=\"more-link\" href=\"http:\/\/caderno.allanpatrick.net\/?p=4026\">Continue reading <span class=\"screen-reader-text\">Esquerda, direita e responsabilidade fiscal<\/span><\/a><\/p>\n","protected":false},"author":1,"featured_media":0,"comment_status":"open","ping_status":"open","sticky":false,"template":"","format":"standard","meta":[],"categories":[2],"tags":[187,201,213,240,545],"_links":{"self":[{"href":"http:\/\/caderno.allanpatrick.net\/index.php?rest_route=\/wp\/v2\/posts\/4026"}],"collection":[{"href":"http:\/\/caderno.allanpatrick.net\/index.php?rest_route=\/wp\/v2\/posts"}],"about":[{"href":"http:\/\/caderno.allanpatrick.net\/index.php?rest_route=\/wp\/v2\/types\/post"}],"author":[{"embeddable":true,"href":"http:\/\/caderno.allanpatrick.net\/index.php?rest_route=\/wp\/v2\/users\/1"}],"replies":[{"embeddable":true,"href":"http:\/\/caderno.allanpatrick.net\/index.php?rest_route=%2Fwp%2Fv2%2Fcomments&post=4026"}],"version-history":[{"count":0,"href":"http:\/\/caderno.allanpatrick.net\/index.php?rest_route=\/wp\/v2\/posts\/4026\/revisions"}],"wp:attachment":[{"href":"http:\/\/caderno.allanpatrick.net\/index.php?rest_route=%2Fwp%2Fv2%2Fmedia&parent=4026"}],"wp:term":[{"taxonomy":"category","embeddable":true,"href":"http:\/\/caderno.allanpatrick.net\/index.php?rest_route=%2Fwp%2Fv2%2Fcategories&post=4026"},{"taxonomy":"post_tag","embeddable":true,"href":"http:\/\/caderno.allanpatrick.net\/index.php?rest_route=%2Fwp%2Fv2%2Ftags&post=4026"}],"curies":[{"name":"wp","href":"https:\/\/api.w.org\/{rel}","templated":true}]}}