{"id":3768,"date":"2011-07-22T19:30:12","date_gmt":"2011-07-22T22:30:12","guid":{"rendered":"http:\/\/caderno.allanpatrick.net\/?p=3768"},"modified":"2011-07-22T19:30:12","modified_gmt":"2011-07-22T22:30:12","slug":"a-italia-e-diferente","status":"publish","type":"post","link":"http:\/\/caderno.allanpatrick.net\/?p=3768","title":{"rendered":"A It\u00e1lia \u00e9 diferente"},"content":{"rendered":"<p><em><strong>Por Allan Patrick<\/strong><\/em><br \/>\n<figure id=\"attachment_1818\" aria-describedby=\"caption-attachment-1818\" style=\"width: 250px\" class=\"wp-caption alignright\"><a href=\"http:\/\/commons.wikimedia.org\/wiki\/File:Assorted_international_currencies.jpg\"><img loading=\"lazy\" class=\"size-full wp-image-1818\" title=\"Euro em risco.\" src=\"http:\/\/caderno.allanpatrick.net\/wp-content\/uploads\/2009\/11\/notas-varias-moedas-divida-publica.jpg\" alt=\"\" width=\"250\" height=\"166\" \/><\/a><figcaption id=\"caption-attachment-1818\" class=\"wp-caption-text\">A cada semana, um pa\u00eds na mira dos especuladores.<\/figcaption><\/figure><br \/>\nPor esses dias, v\u00e1rias not\u00edcias alarmistas tratavam do risco da <a href=\"http:\/\/www.bbc.co.uk\/portuguese\/noticias\/2011\/07\/110711_italia_bolsa_divida_mm.shtml\">It\u00e1lia<\/a> ter algum problema na rolagem de sua d\u00edvida p\u00fablica. Na verdade eram especuladores se aproveitando, num momento em que venciam v\u00e1rios t\u00edtulos da d\u00edvida italiana, para for\u00e7ar pra cima os juros a serem pagos por aquele pa\u00eds no momento em que fazia a substitui\u00e7\u00e3o dos t\u00edtulos antigos por novos.<br \/>\nO motivo para acreditar que, embora a It\u00e1lia tenha uma das maiores rela\u00e7\u00f5es d\u00edvida p\u00fablica\/PIB do mundo (junto com o Jap\u00e3o), n\u00e3o vai ter problemas na rolagem dessa d\u00edvida, \u00e9 que a maior parte dos credores s\u00e3o internos, ou seja, os pr\u00f3prios italianos &#8211; clientes do varejo &#8211; que n\u00e3o tem muito interesse em ataques especulativos ou corridas contra os bancos. A raz\u00e3o dessa ins\u00f3lita (e positiva) situa\u00e7\u00e3o \u00e9 que, ao contr\u00e1rio da cren\u00e7a &#8220;popular&#8221; &#8211; que afirma serem os povos da Europa do Norte poupadores e comedidos, enquanto os habitantes do Mediterr\u00e2neo n\u00e3o passam de latinos irrespons\u00e1veis &#8211; a <strong>It\u00e1lia \u00e9 o pa\u00eds com a maior taxa de poupan\u00e7a interna da Europa<\/strong> (informa\u00e7\u00e3o important\u00edssima despretenciosamente escondida num relat\u00f3rio especial de 14 p\u00e1ginas da revista <a href=\"http:\/\/www.economist.com\/printedition\/displayCover.cfm?url=\/images\/images-magazine\/2011\/06\/11\/CU\/20110611_CUK400.jpg\">The Economist, edi\u00e7\u00e3o de 11 de junho de 2011<\/a>). Esque\u00e7am aquelas historinhas publicadas nos cadernos de economia dos jornais brasileiros sobre a f\u00e1bula de <a href=\"http:\/\/pt.wikipedia.org\/wiki\/A_Cigarra_e_a_Formiga\">Jean de La Fontaine<\/a>, onde a Alemanha normalmente \u00e9 retratada como a na\u00e7\u00e3o das formigas, e os latinos como as cigarras.<br \/>\nS\u00f3 pra concluir: o relat\u00f3rio da <a href=\"http:\/\/www.oecd-ilibrary.org\/sites\/20752342-2010-table8\/index.html;jsessionid=gkhstn5nt7dl.delta?contentType=\/ns\/KeyTable,\/ns\/StatisticalPublication&amp;itemId=\/content\/table\/20752342-table8&amp;containerItemId=\/content\/tablecollection\/20752342&amp;accessItemIds=&amp;mimeType=text\/html\">OECD em 2009<\/a> mostra que a It\u00e1lia \u00e9 o quinto pa\u00eds onde mais se trabalha na Europa (eu vi uma planilha com dados de 2010 mostrando o pa\u00eds em segundo lugar, mas perdi a refer\u00eancia). A Alemanha vem bem abaixo, em 23\u00ba. Tal como no Brasil, onde os estados do Rio de Janeiro e da Bahia normalmente est\u00e3o nos primeiros lugares no n\u00famero de horas trabalhadas, mas levam a m\u00e1 fama de terem trabalhadores &#8220;pregui\u00e7osos&#8221;, <em><a href=\"http:\/\/www.oecd-ilibrary.org\/sites\/20752342-2010-table8\/index.html;jsessionid=gkhstn5nt7dl.delta?contentType=\/ns\/KeyTable,\/ns\/StatisticalPublication&amp;itemId=\/content\/table\/20752342-table8&amp;containerItemId=\/content\/tablecollection\/20752342&amp;accessItemIds=&amp;mimeType=text\/html\">la dolce vita<\/a><\/em> italiana pode estar muito presente na mente dos turistas, mas n\u00e3o tem amparo na realidade.<br \/>\n<strong>P.S.<\/strong>: que pa\u00eds na Europa <strong>lidera o n\u00famero de horas trabalhadas h\u00e1 dez anos<\/strong> e mesmo assim \u00e9 rotulado pela m\u00eddia, incluindo a <a href=\"http:\/\/english.aljazeera.net\/programmes\/listeningpost\/2011\/06\/20116258446620353.html\">TV alem\u00e3<\/a> (a den\u00fancia do preconceito est\u00e1 numa mat\u00e9ria da Al Jazeera), como uma terra de pregui\u00e7osos perdul\u00e1rios? Sim, ela mesma, a <strong>Gr\u00e9cia<\/strong>!<\/p>\n","protected":false},"excerpt":{"rendered":"<p>Por Allan Patrick Por esses dias, v\u00e1rias not\u00edcias alarmistas tratavam do risco da It\u00e1lia ter algum problema na rolagem de sua d\u00edvida p\u00fablica. Na verdade eram especuladores se aproveitando, num momento em que venciam v\u00e1rios t\u00edtulos da d\u00edvida italiana, para for\u00e7ar pra cima os juros a serem pagos por aquele pa\u00eds no momento em que&hellip; <a class=\"more-link\" href=\"http:\/\/caderno.allanpatrick.net\/?p=3768\">Continue reading <span class=\"screen-reader-text\">A It\u00e1lia \u00e9 diferente<\/span><\/a><\/p>\n","protected":false},"author":1,"featured_media":0,"comment_status":"open","ping_status":"open","sticky":false,"template":"","format":"standard","meta":[],"categories":[2],"tags":[24,155,213,303,364,495,658,662],"_links":{"self":[{"href":"http:\/\/caderno.allanpatrick.net\/index.php?rest_route=\/wp\/v2\/posts\/3768"}],"collection":[{"href":"http:\/\/caderno.allanpatrick.net\/index.php?rest_route=\/wp\/v2\/posts"}],"about":[{"href":"http:\/\/caderno.allanpatrick.net\/index.php?rest_route=\/wp\/v2\/types\/post"}],"author":[{"embeddable":true,"href":"http:\/\/caderno.allanpatrick.net\/index.php?rest_route=\/wp\/v2\/users\/1"}],"replies":[{"embeddable":true,"href":"http:\/\/caderno.allanpatrick.net\/index.php?rest_route=%2Fwp%2Fv2%2Fcomments&post=3768"}],"version-history":[{"count":0,"href":"http:\/\/caderno.allanpatrick.net\/index.php?rest_route=\/wp\/v2\/posts\/3768\/revisions"}],"wp:attachment":[{"href":"http:\/\/caderno.allanpatrick.net\/index.php?rest_route=%2Fwp%2Fv2%2Fmedia&parent=3768"}],"wp:term":[{"taxonomy":"category","embeddable":true,"href":"http:\/\/caderno.allanpatrick.net\/index.php?rest_route=%2Fwp%2Fv2%2Fcategories&post=3768"},{"taxonomy":"post_tag","embeddable":true,"href":"http:\/\/caderno.allanpatrick.net\/index.php?rest_route=%2Fwp%2Fv2%2Ftags&post=3768"}],"curies":[{"name":"wp","href":"https:\/\/api.w.org\/{rel}","templated":true}]}}