{"id":370,"date":"2009-06-18T15:34:16","date_gmt":"2009-06-18T18:34:16","guid":{"rendered":"http:\/\/caderno.allanpatrick.net\/?p=370"},"modified":"2009-06-18T15:34:16","modified_gmt":"2009-06-18T18:34:16","slug":"para-entender-o-clima-de-1964-parte-1","status":"publish","type":"post","link":"http:\/\/caderno.allanpatrick.net\/?p=370","title":{"rendered":"Para entender o clima de 1964 &#8211; parte 1"},"content":{"rendered":"<p><figure id=\"attachment_375\" aria-describedby=\"caption-attachment-375\" style=\"width: 300px\" class=\"wp-caption alignright\"><img loading=\"lazy\" class=\"size-medium wp-image-375\" title=\"folha-capa-apos-ai5\" src=\"http:\/\/caderno.allanpatrick.net\/wp-content\/uploads\/2009\/06\/folha-capa-apos-ai5.jpg?w=300\" alt=\"Capa da Folha em apoio ao AI-5. S\u00e1bado, 14 de abril de 1968.\" width=\"300\" height=\"206\" \/><figcaption id=\"caption-attachment-375\" class=\"wp-caption-text\">Capa da Folha em apoio ao AI-5. S\u00e1bado, 14 de abril de 1968.<\/figcaption><\/figure><br \/>\nO blogueiro <a href=\"http:\/\/twitter.com\/migueldorosario\">Miguel do Ros\u00e1rio<\/a> fez uma interessante pesquisa na Biblioteca Nacional do Rio de Janeiro. Fu\u00e7ou as manchetes e o conte\u00fado do notici\u00e1rio da imprensa no ano de 1964. O resultado &#8211; um deprimente paralelo entre o passado e a atualidade &#8211; mostra porque o termo<a href=\"http:\/\/pt.wikipedia.org\/wiki\/Partido_da_Imprensa_Golpista\"> Partido da Imprensa Golpista<\/a> (cujo acr\u00f4nimo<em> pig<\/em> \u00e9 a tradu\u00e7\u00e3o de <em>porco<\/em> em ingl\u00eas), criado por <a href=\"http:\/\/www.paulohenriqueamorim.com.br\/\">Paulo Henrique Amorim<\/a>, \u00e9 t\u00e3o certeiro. Vamos ao <a href=\"http:\/\/oleododiabo.blogspot.com\/2009\/06\/revisitando-ditabranda.html\">texto de Miguel<\/a>, longo por\u00e9m necess\u00e1rio:<\/p>\n<h3 style=\"padding-left:30px;\"><a href=\"http:\/\/oleododiabo.blogspot.com\/2009\/06\/revisitando-ditabranda.html\"><span style=\"color:#888888;\">Notas sobre a ditabranda<\/span><\/a><\/h3>\n<p style=\"padding-left:30px;\"><em><span style=\"color:#888888;\">Original publicado em 16\/06\/2009<\/span><\/em><\/p>\n<p style=\"padding-left:30px;\"><span style=\"color:#888888;\">Conforme j\u00e1 mencionei aqui, h\u00e1 muitos anos frequento a Biblioteca Nacional, que al\u00e9m de abrigar a maior variedade de livros do pa\u00eds, possui uma cole\u00e7\u00e3o microfilmada de todos os jornais brasileiros, de todos os tempos. As \u00e9pocas que mais me interessam pesquisar, naturalmente, s\u00e3o aquelas de grande como\u00e7\u00e3o nacional e por isso tenho fu\u00e7ado sobretudo os meses de agosto de 1954, e mar\u00e7o e abril de 1964.<\/span><\/p>\n<p style=\"padding-left:30px;\"><span style=\"color:#888888;\">Esta semana, passei uma tarde pesquisando as edi\u00e7\u00f5es de mar\u00e7o e abril de 1964 do jornal Folha de S\u00e3o Paulo, e topei com editoriais e not\u00edcias que, sen\u00e3o me causaram nenhuma surpresa, forneceram-me algumas pe\u00e7as para o quebra-cabe\u00e7as que venho montando h\u00e1 tempos, tentando compreender um pouco mais a hist\u00f3ria contempor\u00e2nea brasileira.<\/span><\/p>\n<p style=\"padding-left:30px;\"><span style=\"color:#888888;\">Por que houve um golpe militar no Brasil? Esta \u00e9 uma quest\u00e3o que n\u00e3o pode, definitivamente, ser respondida com um dar de ombros. (&#8230;)<\/span><\/p>\n<p style=\"padding-left:30px;\"><span style=\"color:#888888;\">Devemos urgentemente, portanto, incluir nos acontecimentos de 1964 um ator pol\u00edtico fundamental. N\u00e3o se trata de culpar a m\u00eddia por tudo. Ao contr\u00e1rio, trata-se de lhe dar o status e o prest\u00edgio &#8211; para o bem e para o mal &#8211; que ela merece. Ela foi, afinal, um dos atores mais importantes da cena pol\u00edtica que se descortinava e n\u00e3o se pode representar Othelo sem o personagem Iago. Os jornais eram t\u00e3o cruciais nos anos 60 porque n\u00e3o havia uma tv relevante, as r\u00e1dios eram fragmentadas, e n\u00e3o existia internet. A imprensa escrita constitu\u00eda a grande, e \u00fanica, tribuna pol\u00edtica do pa\u00eds. Quer dizer, a imprensa n\u00e3o era apenas uma tribuna; era um Tribuno; os jornais brasileiros, como ali\u00e1s seus cong\u00eaneres em todo o mundo democr\u00e1tico ocidental, tinham opini\u00e3o pr\u00f3pria, muita opini\u00e3o, sobre os fatos pol\u00edticos.<\/span><\/p>\n<p style=\"padding-left:30px;\"><span style=\"color:#888888;\">At\u00e9 a\u00ed tudo bem. Ocorre que em mar\u00e7o de 1964, os jornais brasileiros deixaram de ser meros agentes de opini\u00e3o (conservadora, cat\u00f3lica, colonial, golpista) para se tornarem protagonistas naquele que certamente foi o mais terr\u00edvel, o mais faccioso, o mais perverso crime jamais perpetrado contra o esp\u00edrito de uni\u00e3o nacional, contra a justi\u00e7a, contra a democracia, contra a paz, contra a moral, contra nossa inoc\u00eancia e cordialidade, enfim contra todos os valores importantes por tr\u00e1s de uma na\u00e7\u00e3o como o Brasil.<\/span><\/p>\n<p style=\"padding-left:30px;\"><span style=\"color:#888888;\">Para come\u00e7ar, n\u00e3o \u00e9ramos uma ditadura como a que existia em Cuba, com Fulg\u00eancio Batista; nem uma autocracia medieval, como havia na R\u00fassia cezarista. O Brasil possu\u00eda, em 1964, uma das democracias mais avan\u00e7adas do mundo; aos trancos e barrancos, vinha se desenvolvendo a um ritmo invej\u00e1vel, a n\u00edvel cultural, acad\u00eamico, industrial, art\u00edstico, educacional, econ\u00f4mico, pol\u00edtico. O Brasil havia produzido Guimar\u00e3es Rosa, Glauber Rocha e Chico Buarque, apenas para citar tr\u00eas s\u00edmbolos de uma cultura da qual parecia jorrar tanto entusiasmo e genialidade.<\/span><\/p>\n<p style=\"padding-left:30px;\"><span style=\"color:#888888;\">A academia brasileira vinha experimentando, por sua vez, um grande momento. O estere\u00f3tipo do estudante sessentista, visto como baderneiro revolucion\u00e1rio e maconheiro, \u00e9 injusto e preconceituoso. T\u00ednhamos jovens estudiosos e politizados. O &#8220;engajamento&#8221; pol\u00edtico dos anos 60 era aut\u00eantico, generoso, verdadeiro, criativo. O jovem que hoje participa de &#8220;micaretas&#8221;, l\u00e1 atr\u00e1s, estudava Marcuse, Nietszche e escutava Ismael Silva.<\/span><\/p>\n<p style=\"padding-left:30px;\"><span style=\"color:#888888;\">Quando abordamos o golpe militar, portanto, esse ato de barb\u00e1rie que violentou um momento hist\u00f3rico t\u00e3o importante, t\u00e3o delicadamente belo e poderoso, \u00e9 preciso analisar, atentamente, esse contexto.<\/span><\/p>\n<p style=\"padding-left:30px;\"><span style=\"color:#888888;\">(&#8230;)<\/span><\/p>\n<p style=\"padding-left:30px;\"><span style=\"color:#888888;\">Desde o final da II Guerra, quando a guerra fria ganha for\u00e7a no mundo, as not\u00edcias internacionais que chegam \u00e0s reda\u00e7\u00f5es brasileiras s\u00e3o publicadas com todos os filtros ideol\u00f3gicos impostos por Washington. O golpe de Estado contra \u00c1rbenz, na Guatemala, em 1954, por exemplo, assume ares de legalidade. A mesma coisa vale para a derrubada do regime democr\u00e1tico em Cuba, por Fulg\u00eancio Batista.<\/span><\/p>\n<p style=\"padding-left:30px;\"><span style=\"color:#888888;\">A leitura da Folha de 1964 esclareceu um ponto para mim. As tr\u00eas personagens pol\u00edticas mais importantes para a prepara\u00e7\u00e3o e realiza\u00e7\u00e3o do golpe de Estado foram os governadores de S\u00e3o Paulo, Rio de Janeiro e Minas Gerais: respectivamente, Ademar de Barros, Carlos Lacerda e Magalh\u00e3es Pinto. Ademar entrava com dinheiro, Lacerda com um discurso incendi\u00e1rio e terrorista, Magalh\u00e3es com os tanques de guerra.<\/span><\/p>\n<p style=\"padding-left:30px;\"><span style=\"color:#888888;\">A Folha reproduzia o terrorismo lacerdiano com uma placidez c\u00famplice apenas compar\u00e1vel \u00e0 toler\u00e2ncia e pusilanimidade com que a Europa deixou Hitler crescer e rearmar a Alemanha. Infelizmente, os microfilmes da Biblioteca Nacional n\u00e3o est\u00e3o digitalizados, o que permitiria uma reprodu\u00e7\u00e3o f\u00e1cil na internet. Mas eu fiz algumas anota\u00e7\u00f5es. O mais impressionante, de longe, \u00e9 o discurso de Carlos Lacerda, muito parecido ao terrorismo esquiz\u00f3ide e delirante de um Olavo de Carvalho.<\/span><\/p>\n<p style=\"padding-left:30px;\"><span style=\"color:#888888;\">Lendo a Folha (eu j\u00e1 li tamb\u00e9m o Globo e o Correio da Manh\u00e3 de 1964), pode-se constatar que o plano dos golpistas consistia nos seguintes pontos:<\/span><\/p>\n<p style=\"padding-left:30px;\"><span style=\"color:#888888;\">1) Associar o governo ao comunismo e \u00e0 ilegalidade.<br \/>\n2) Causar a impress\u00e3o de perigo imediato para as institui\u00e7\u00f5es.<br \/>\n3) Criar a impress\u00e3o de que eles, a oposi\u00e7\u00e3o conservadora, tinham imenso apoio popular.<\/span><\/p>\n<p style=\"padding-left:30px;\"><span style=\"color:#888888;\">As elei\u00e7\u00f5es presidenciais aconteceriam em 1965. Goulart e todos os seus aliados n\u00e3o faziam a menor men\u00e7\u00e3o de mudar isso. Nem lhes interessariam mudar. Lacerda, no entanto, lan\u00e7ava diariamente a suspeita de que as elei\u00e7\u00f5es n\u00e3o ocorreriam e que Goulart tentaria se &#8220;perpetuar no poder&#8221;. Lacerda pinta uma imagem cada vez mais diab\u00f3lica do presidente Goulart, como se ele fosse um perigoss\u00edssimo comunista russo infiltrado no governo para derrubar a democracia brasileira. Ali\u00e1s, quando o golpe ocorre, os jornais divulgam a seguinte afirma\u00e7\u00e3o de Lacerda: &#8220;A ditadura russa foi derrubada!&#8221; Podem rir.<\/span><\/p>\n<p style=\"padding-left:30px;\"><span style=\"color:#888888;\">Vejam o que Lacerda afirmava que Goulart faria nos pr\u00f3ximos meses. A cita\u00e7\u00e3o \u00e9 textual (inclusive com itens numerados):<\/span><\/p>\n<p style=\"padding-left:30px;\"><span style=\"color:#888888;\">&#8220;1) Substituir\u00e1 a Constitui\u00e7\u00e3o por outra.<br \/>\n2) Dissolver\u00e1 o Congresso Nacional.<br \/>\n3) Far\u00e1 plesbicitos autorit\u00e1rios [essa \u00e9 boa, h\u00e9in?! Plebiscitos autorit\u00e1rios! Podiam ter ensinado essa ao St\u00e1lin, h\u00e9in?]<br \/>\n4) Associa\u00e7\u00e3o crescente entre comunismo e negocismo [!!!!!!!!!!! N\u00e3o me perguntem o que \u00e9 isso!]<br \/>\n5) Desmoraliza\u00e7\u00e3o das for\u00e7as armadas.<br \/>\n6) Transforma\u00e7\u00e3o do presidente em caudilho. N\u00e3o haver\u00e1 mais elei\u00e7\u00f5es.<br \/>\n7) Destrui\u00e7\u00e3o da livre-iniciativa e sua substitui\u00e7\u00e3o por um dirigismo incompetente e desvairado, logo substitu\u00eddo pelo controle totalit\u00e1rio de todas as atividades nacionais, inclusive o controle das consci\u00eancias.&#8221;<\/span><\/p>\n<p style=\"padding-left:30px;\"><span style=\"color:#888888;\">A imprensa publicou esses t\u00f3picos sem permitir nenhuma resposta &#8220;do outro lado&#8221;, e, o pior, sem critic\u00e1-los; ao contr\u00e1rio, chancelava-os em seus editoriais, conforme se ver\u00e1 logo a seguir. Detalhe: o governo vinha negando veementemente esse tipo de acusa\u00e7\u00e3o. Mas como negar &#8220;boatos&#8221; sem base nenhuma na realidade? Lacerda nem ningu\u00e9m apresentava qualquer prova de suas acusa\u00e7\u00f5es insanas. Mas pra que provas, quando se tem apoio midi\u00e1tico?<\/span><\/p>\n<p>Esta s\u00e9rie continua <a href=\"http:\/\/caderno.allanpatrick.net\/2009\/06\/19\/para-entender-o-clima-de-1964-parte-2\/\">na parte 2<\/a>.<\/p>\n","protected":false},"excerpt":{"rendered":"<p>O blogueiro Miguel do Ros\u00e1rio fez uma interessante pesquisa na Biblioteca Nacional do Rio de Janeiro. Fu\u00e7ou as manchetes e o conte\u00fado do notici\u00e1rio da imprensa no ano de 1964. O resultado &#8211; um deprimente paralelo entre o passado e a atualidade &#8211; mostra porque o termo Partido da Imprensa Golpista (cujo acr\u00f4nimo pig \u00e9&hellip; <a class=\"more-link\" href=\"http:\/\/caderno.allanpatrick.net\/?p=370\">Continue reading <span class=\"screen-reader-text\">Para entender o clima de 1964 &#8211; parte 1<\/span><\/a><\/p>\n","protected":false},"author":1,"featured_media":0,"comment_status":"open","ping_status":"open","sticky":false,"template":"","format":"standard","meta":[],"categories":[3],"tags":[72,275,297,299,380,461,535],"_links":{"self":[{"href":"http:\/\/caderno.allanpatrick.net\/index.php?rest_route=\/wp\/v2\/posts\/370"}],"collection":[{"href":"http:\/\/caderno.allanpatrick.net\/index.php?rest_route=\/wp\/v2\/posts"}],"about":[{"href":"http:\/\/caderno.allanpatrick.net\/index.php?rest_route=\/wp\/v2\/types\/post"}],"author":[{"embeddable":true,"href":"http:\/\/caderno.allanpatrick.net\/index.php?rest_route=\/wp\/v2\/users\/1"}],"replies":[{"embeddable":true,"href":"http:\/\/caderno.allanpatrick.net\/index.php?rest_route=%2Fwp%2Fv2%2Fcomments&post=370"}],"version-history":[{"count":0,"href":"http:\/\/caderno.allanpatrick.net\/index.php?rest_route=\/wp\/v2\/posts\/370\/revisions"}],"wp:attachment":[{"href":"http:\/\/caderno.allanpatrick.net\/index.php?rest_route=%2Fwp%2Fv2%2Fmedia&parent=370"}],"wp:term":[{"taxonomy":"category","embeddable":true,"href":"http:\/\/caderno.allanpatrick.net\/index.php?rest_route=%2Fwp%2Fv2%2Fcategories&post=370"},{"taxonomy":"post_tag","embeddable":true,"href":"http:\/\/caderno.allanpatrick.net\/index.php?rest_route=%2Fwp%2Fv2%2Ftags&post=370"}],"curies":[{"name":"wp","href":"https:\/\/api.w.org\/{rel}","templated":true}]}}