{"id":3199,"date":"2010-10-07T19:00:33","date_gmt":"2010-10-07T22:00:33","guid":{"rendered":"http:\/\/caderno.allanpatrick.net\/?p=3199"},"modified":"2010-10-07T19:00:33","modified_gmt":"2010-10-07T22:00:33","slug":"democracia-vai-alem-do-voto","status":"publish","type":"post","link":"http:\/\/caderno.allanpatrick.net\/?p=3199","title":{"rendered":"Democracia vai al\u00e9m do\u00a0voto"},"content":{"rendered":"<p><em><strong>Por Allan Patrick<\/strong><\/em><br \/>\n<figure id=\"attachment_3203\" aria-describedby=\"caption-attachment-3203\" style=\"width: 300px\" class=\"wp-caption alignright\"><img loading=\"lazy\" class=\"size-medium wp-image-3203\" title=\"Democracia e acessibilidade\" src=\"http:\/\/caderno.allanpatrick.net\/wp-content\/uploads\/2010\/10\/democracia-e-acessibilidade.jpg?w=300\" alt=\"\" width=\"300\" height=\"225\" \/><figcaption id=\"caption-attachment-3203\" class=\"wp-caption-text\">Acessibilidade tamb\u00e9m \u00e9 condi\u00e7\u00e3o essencial para uma sociedade democr\u00e1tica. Foto por Allan Patrick. CC BY-SA 2.5 Brasil.<\/figcaption><\/figure><br \/>\nO Domingo passado foi o dia de exercemos um direito importante e fundamental no processo democr\u00e1tico: o <a href=\"\/2010\/09\/28\/declaracao-de-voto-2010\/\">voto<\/a>.<br \/>\nMas a democracia n\u00e3o se resume unicamente ao direito de votar e ser votado. Digo isso porque, enquanto caminhava de casa at\u00e9 o col\u00e9gio onde voto, me deparei com uma situa\u00e7\u00e3o que, a cada dia, me desperta mais antipatia.<br \/>\nPr\u00f3ximo ao col\u00e9gio havia um terreno baldio onde, h\u00e1 um ano e meio mais ou menos, teve in\u00edcio a constru\u00e7\u00e3o de um pr\u00e9dio residencial. Ok, at\u00e9 a\u00ed tudo bem. O que me deixou irritado \u00e9 o que voc\u00eas podem ver a\u00ed na foto. Como o terreno era baldio, n\u00e3o existia cal\u00e7ada, apenas areia. Um cadeirante, por exemplo, n\u00e3o poderia prosseguir nesse caminho (seu direito constitucional de ir e vir constrangido), mas uma s\u00e9rie de pessoas com algum grau de dificuldade de locomo\u00e7\u00e3o ainda teriam condi\u00e7\u00f5es para utilizar essa via.<br \/>\nMas a construtora piorou a situa\u00e7\u00e3o: ao dar in\u00edcio \u00e0 urbaniza\u00e7\u00e3o da cal\u00e7ada, elevou-a em cerca de 20 cm, com tr\u00eas fileiras de tijolos. Sim, a construtora aparentemente est\u00e1 cumprindo a legisla\u00e7\u00e3o, pois reservou espa\u00e7o para a a rampa &#8211; bastante inclinada por sinal. Mas notem que a rampa \u00e9 uma solu\u00e7\u00e3o paliativa para um problema que a pr\u00f3pria construtora est\u00e1 criando, ao construir uma cal\u00e7ada t\u00e3o elevada. Passada a ressaca da elei\u00e7\u00e3o, era essa mensagem que eu queria deixar: temos que exercitar a democracia n\u00e3o apenas no momento do voto, mas no nosso dia-a-dia, respeitando o direito das minorias e incluindo todas as pessoas, independente de suas circunst\u00e2ncias individuais, na nossa sociedade.<\/p>\n<h3>Veja tamb\u00e9m:<\/h3>\n<p>&#8211; <a href=\"\/2011\/08\/17\/as-calcadas-de-londres\/\">As cal\u00e7adas de Londres<\/a>.<\/p>\n","protected":false},"excerpt":{"rendered":"<p>Por Allan Patrick O Domingo passado foi o dia de exercemos um direito importante e fundamental no processo democr\u00e1tico: o voto. Mas a democracia n\u00e3o se resume unicamente ao direito de votar e ser votado. Digo isso porque, enquanto caminhava de casa at\u00e9 o col\u00e9gio onde voto, me deparei com uma situa\u00e7\u00e3o que, a cada&hellip; <a class=\"more-link\" href=\"http:\/\/caderno.allanpatrick.net\/?p=3199\">Continue reading <span class=\"screen-reader-text\">Democracia vai al\u00e9m do\u00a0voto<\/span><\/a><\/p>\n","protected":false},"author":1,"featured_media":0,"comment_status":"open","ping_status":"open","sticky":false,"template":"","format":"standard","meta":[],"categories":[2],"tags":[8,169,545,685],"_links":{"self":[{"href":"http:\/\/caderno.allanpatrick.net\/index.php?rest_route=\/wp\/v2\/posts\/3199"}],"collection":[{"href":"http:\/\/caderno.allanpatrick.net\/index.php?rest_route=\/wp\/v2\/posts"}],"about":[{"href":"http:\/\/caderno.allanpatrick.net\/index.php?rest_route=\/wp\/v2\/types\/post"}],"author":[{"embeddable":true,"href":"http:\/\/caderno.allanpatrick.net\/index.php?rest_route=\/wp\/v2\/users\/1"}],"replies":[{"embeddable":true,"href":"http:\/\/caderno.allanpatrick.net\/index.php?rest_route=%2Fwp%2Fv2%2Fcomments&post=3199"}],"version-history":[{"count":0,"href":"http:\/\/caderno.allanpatrick.net\/index.php?rest_route=\/wp\/v2\/posts\/3199\/revisions"}],"wp:attachment":[{"href":"http:\/\/caderno.allanpatrick.net\/index.php?rest_route=%2Fwp%2Fv2%2Fmedia&parent=3199"}],"wp:term":[{"taxonomy":"category","embeddable":true,"href":"http:\/\/caderno.allanpatrick.net\/index.php?rest_route=%2Fwp%2Fv2%2Fcategories&post=3199"},{"taxonomy":"post_tag","embeddable":true,"href":"http:\/\/caderno.allanpatrick.net\/index.php?rest_route=%2Fwp%2Fv2%2Ftags&post=3199"}],"curies":[{"name":"wp","href":"https:\/\/api.w.org\/{rel}","templated":true}]}}