{"id":3067,"date":"2010-09-09T18:00:23","date_gmt":"2010-09-09T21:00:23","guid":{"rendered":"http:\/\/caderno.allanpatrick.net\/?p=3067"},"modified":"2010-09-09T18:00:23","modified_gmt":"2010-09-09T21:00:23","slug":"etica-cidadania-e-cultura-de-um-povo","status":"publish","type":"post","link":"http:\/\/caderno.allanpatrick.net\/?p=3067","title":{"rendered":"\u00c9tica, cidadania e cultura de um povo"},"content":{"rendered":"<p><em><strong>Por Allan Patrick<\/strong><\/em><br \/>\n<figure id=\"attachment_949\" aria-describedby=\"caption-attachment-949\" style=\"width: 160px\" class=\"wp-caption alignright\"><a href=\"\/2009\/07\/26\/o-livre-comercio-e-sempre-a-resposta\/\"><img loading=\"lazy\" class=\"size-full wp-image-949\" title=\"maus samaritanos\" src=\"http:\/\/caderno.allanpatrick.net\/wp-content\/uploads\/2009\/07\/maus-samaritanos.jpg\" alt=\"\" width=\"160\" height=\"230\" \/><\/a><figcaption id=\"caption-attachment-949\" class=\"wp-caption-text\">Obra de Ha-Joon Chang \u00e9 a principal refer\u00eancia.<\/figcaption><\/figure><br \/>\nO t\u00edtulo se refere a uma apresenta\u00e7\u00e3o que fiz recentemente na <a href=\"http:\/\/www.ufersa.edu.br\/\">Ufersa<\/a> (Universidade Federal Rural do Semi-\u00c1rido) em Mossor\u00f3. Escalado de \u00faltima hora para substituir o palestrante de uma jornada universit\u00e1ria de <strong>educa\u00e7\u00e3o fiscal<\/strong>*, minha tarefa era desenvolver o tema da <strong>cidadania<\/strong>. Como \u00e9 costume, quando se abre o debate em eventos como esse, surgem os questionamentos sobre a pouca qualidade do gasto p\u00fablico no Brasil. Entendo ser este o reflexo de uma carga tribut\u00e1ria cuja arrecada\u00e7\u00e3o \u00e9 direcionada para gastos que n\u00e3o tem retorno social expressivo, como \u00e9 o caso dos encargos da d\u00edvida p\u00fablica inflados por altas taxas de juros. Tamb\u00e9m \u00e9 o fruto da falta de informa\u00e7\u00e3o acerca dos n\u00fameros da m\u00e1quina p\u00fablica. Evidentemente, um evento como esse tem o objeto de colaborar para sanar essa lacuna.<br \/>\nEventualmente, esses debates fluem para tratar de temas como a &#8220;natureza&#8221; do povo brasileiro, &#8220;inepto&#8221; para ser cidad\u00e3o, pagar impostos e aferir corretamente o seu emprego. Com base nessas percep\u00e7\u00f5es do &#8220;senso comum&#8221; e com a inestim\u00e1vel ajuda da obra &#8220;<strong>Os Maus Samaritanos<\/strong>&#8221; (brevemente comentada <a href=\"\/2009\/07\/26\/o-livre-comercio-e-sempre-a-resposta\/\">aqui<\/a>), do professor de economia coreano Ha-Joon Chang (da <a href=\"http:\/\/www.econ.cam.ac.uk\/faculty\/chang\/\">Universidade de Cambridge<\/a>), construimos uma apresenta\u00e7\u00e3o para &#8220;chocar&#8221; quem entende que pa\u00edses desenvolvidos, como Jap\u00e3o e Alemanha, o s\u00e3o por motivos &#8220;culturais&#8221;, agraciados por uma &#8220;\u00e9tica&#8221; e &#8220;cultura&#8221; pr\u00f3prias para o trabalho. Afinal, quem nunca ouviu falar em Max Weber e &#8220;A \u00e9tica protestante e o esp\u00edrito do capitalismo&#8221;?<br \/>\nN\u00e3o descarto falhas na apresenta\u00e7\u00e3o, em fun\u00e7\u00e3o da correria que foi o seu preparo, nem da superficialidade do material, afinal s\u00e3o meras telas de uma apresenta\u00e7\u00e3o, n\u00e3o uma obra com pretens\u00f5es acad\u00eamicas (para isso, deixo como sugest\u00e3o a leitura de Ha-Joon Chang).<\/p>\n<p style=\"text-align:center;\"><a href=\"http:\/\/caderno.allanpatrick.net\/wp-content\/uploads\/2010\/09\/etica-cidadania-e-cultura-de-um-povo.pdf\">\u00c9tica, cidadania e cultura de um povo (PDF), 262 KB<\/a><\/p>\n<p>* O <strong>Programa Nacional de Educa\u00e7\u00e3o Fiscal<\/strong> (PNEF) \u00e9 um projeto que visa levar ao conhecimento de estudantes do ensino fundamental, m\u00e9dio e superior, no\u00e7\u00f5es do papel social dos tributos e da aloca\u00e7\u00e3o, gest\u00e3o e fiscaliza\u00e7\u00e3o dos gastos p\u00fablicos.<\/p>\n","protected":false},"excerpt":{"rendered":"<p>Por Allan Patrick O t\u00edtulo se refere a uma apresenta\u00e7\u00e3o que fiz recentemente na Ufersa (Universidade Federal Rural do Semi-\u00c1rido) em Mossor\u00f3. Escalado de \u00faltima hora para substituir o palestrante de uma jornada universit\u00e1ria de educa\u00e7\u00e3o fiscal*, minha tarefa era desenvolver o tema da cidadania. Como \u00e9 costume, quando se abre o debate em eventos&hellip; <a class=\"more-link\" href=\"http:\/\/caderno.allanpatrick.net\/?p=3067\">Continue reading <span class=\"screen-reader-text\">\u00c9tica, cidadania e cultura de um povo<\/span><\/a><\/p>\n","protected":false},"author":1,"featured_media":0,"comment_status":"open","ping_status":"open","sticky":false,"template":"","format":"standard","meta":[],"categories":[2],"tags":[119,160,217,249,309,545,667],"_links":{"self":[{"href":"http:\/\/caderno.allanpatrick.net\/index.php?rest_route=\/wp\/v2\/posts\/3067"}],"collection":[{"href":"http:\/\/caderno.allanpatrick.net\/index.php?rest_route=\/wp\/v2\/posts"}],"about":[{"href":"http:\/\/caderno.allanpatrick.net\/index.php?rest_route=\/wp\/v2\/types\/post"}],"author":[{"embeddable":true,"href":"http:\/\/caderno.allanpatrick.net\/index.php?rest_route=\/wp\/v2\/users\/1"}],"replies":[{"embeddable":true,"href":"http:\/\/caderno.allanpatrick.net\/index.php?rest_route=%2Fwp%2Fv2%2Fcomments&post=3067"}],"version-history":[{"count":0,"href":"http:\/\/caderno.allanpatrick.net\/index.php?rest_route=\/wp\/v2\/posts\/3067\/revisions"}],"wp:attachment":[{"href":"http:\/\/caderno.allanpatrick.net\/index.php?rest_route=%2Fwp%2Fv2%2Fmedia&parent=3067"}],"wp:term":[{"taxonomy":"category","embeddable":true,"href":"http:\/\/caderno.allanpatrick.net\/index.php?rest_route=%2Fwp%2Fv2%2Fcategories&post=3067"},{"taxonomy":"post_tag","embeddable":true,"href":"http:\/\/caderno.allanpatrick.net\/index.php?rest_route=%2Fwp%2Fv2%2Ftags&post=3067"}],"curies":[{"name":"wp","href":"https:\/\/api.w.org\/{rel}","templated":true}]}}