{"id":2706,"date":"2010-03-06T08:05:14","date_gmt":"2010-03-06T11:05:14","guid":{"rendered":"http:\/\/caderno.allanpatrick.net\/?p=2706"},"modified":"2010-03-06T08:05:14","modified_gmt":"2010-03-06T11:05:14","slug":"chile-terremoto-e-estado-minimo","status":"publish","type":"post","link":"http:\/\/caderno.allanpatrick.net\/?p=2706","title":{"rendered":"Chile, terremoto e estado m\u00ednimo"},"content":{"rendered":"<p><a href=\"http:\/\/www.viomundo.com.br\/opiniao\/depois-do-fracasso-no-chile-liberais-atacam-estado-minimo\/\"><em><strong>por Luiz Carlos Azenha<\/strong><\/em><\/a><br \/>\n<figure id=\"attachment_2708\" aria-describedby=\"caption-attachment-2708\" style=\"width: 300px\" class=\"wp-caption alignright\"><a href=\"http:\/\/commons.wikimedia.org\/wiki\/File:2010_Chile_earthquake_Tsunami_aftermath_at_San_Antonio.jpg\"><img loading=\"lazy\" class=\"size-medium wp-image-2708\" title=\"Terremoto Chile 2010\" src=\"http:\/\/caderno.allanpatrick.net\/wp-content\/uploads\/2010\/03\/terremoto-chile-2010.jpg?w=300\" alt=\"\" width=\"300\" height=\"200\" \/><\/a><figcaption id=\"caption-attachment-2708\" class=\"wp-caption-text\">A pol\u00edtica do &quot;estado m\u00ednimo&quot; acentuou os efeitos da cat\u00e1strofe natural.<\/figcaption><\/figure><br \/>\nSantiago &#8212; O retumbante fracasso do governo <a href=\"http:\/\/pt.wikipedia.org\/wiki\/Michelle_Bachelet\">Bachelet<\/a> na resposta ao terremoto da semana passada levou a uma situa\u00e7\u00e3o curiosa, no Chile: os liberais agora atacam o estado m\u00ednimo, do qual o pa\u00eds sempre foi um exemplo cantado em prosa e verso.<br \/>\nQuanto ao fracasso, foi espetacular e, para mim, revelador.<br \/>\nEspetacular porque houve um completo fracasso nas comunica\u00e7\u00f5es intragovernamentais do pa\u00eds. Houve um estrondoso bate-cabe\u00e7as que mediu 8.5 na escala <a href=\"http:\/\/pt.wikipedia.org\/wiki\/Escala_de_Richter\">Richter<\/a>. Ficou claro que a fiscaliza\u00e7\u00e3o das obras \u00e9 ineficaz, pelo grande n\u00famero de pr\u00e9dios novos que veio abaixo. Os acr\u00e9scimos n\u00e3o previstos na legisla\u00e7\u00e3o da constru\u00e7\u00e3o civil cairam em toda parte: tetos de gesso, passarelas e outros penduricalhos. Sem falar no completo despreparo para dar \u00e0 popula\u00e7\u00e3o o m\u00ednimo atendimento que se requer em situa\u00e7\u00f5es de emerg\u00eancia. A pat\u00e9tica tentativa da presidente Bachelet de jogar a culpa nos v\u00e2ndalos me fez lembrar de Jos\u00e9 Serra e Gilberto Kassab nas enchentes paulistanas: a culpa \u00e9 da popula\u00e7\u00e3o e do &#8220;dil\u00favio&#8221; propagandeado nas inser\u00e7\u00f5es televisivas do DEM.<br \/>\nRevelador porque, depois de passar uma semana no Chile, em contato com a popula\u00e7\u00e3o, me surpreendi com a cr\u00edtica generalizada \u00e0 m\u00eddia, que \u00e9 acusada de mentir e de esconder a verdade sempre que interessa aos poderosos. Quando a m\u00eddia daqui propagandeava as a\u00e7\u00f5es do governo, boa parte do pa\u00eds ainda estava sem \u00e1gua, sem energia e sem comida. Algum marqueteiro esperto logo inventou uma campanha nacionalista e oportunista, destinada a, como sempre, mudar de assunto e evitar a responsabiliza\u00e7\u00e3o de governantes incompetentes e falastr\u00f5es.<br \/>\nAqui pouco se falou, por exemplo, no fato de que o toque de recolher em v\u00e1rias regi\u00f5es foi, como sempre, uma forma de conter os pobres. O mesmo estado que n\u00e3o conseguiu levar \u00e1gua e comida despachou milhares de soldados para reprimir saques que n\u00e3o teriam acontecido se o mesmo estado tivesse conseguido levar \u00e1gua e comida antes que os soldados.<br \/>\nLembram-se dos invis\u00edveis cuja exist\u00eancia foi revelada pelo <a href=\"http:\/\/pt.wikipedia.org\/wiki\/Furac\u00e3o_Katrina\">Katrina<\/a> em <a href=\"http:\/\/pt.wikipedia.org\/wiki\/Nova_Orle\u00e3es\">New Orleans<\/a>? Desta vez, foram os invis\u00edveis chilenos que mostraram o rosto.<br \/>\nNingu\u00e9m pode acusar o jornal <a href=\"http:\/\/es.wikipedia.org\/wiki\/El_Mercurio\">Mercurio<\/a> de ser socialista. Trata-se, afinal, do mesmo jornal que recebeu dinheiro da CIA para promover uma campanha de propaganda contra <a href=\"http:\/\/pt.wikipedia.org\/wiki\/Salvador_Allende\">Salvador Allende<\/a>. Curiosamente, no entanto, coube ao jornal o papel de sintetizar o que ouvi de muitos chilenos e que, com rar\u00edssimas exce\u00e7\u00f5es, est\u00e1 ausente do discurso midi\u00e1tico aqui: o estado chileno fracassou de forma completa e retumbante. E com requintes de crueldade, j\u00e1 que anunciou oficialmente que n\u00e3o havia risco de <a href=\"http:\/\/pt.wikipedia.org\/wiki\/Tsunami\">tsunami<\/a> na costa do pa\u00eds alguns minutos DEPOIS da primeira de tr\u00eas grandes ondas ter atingido a costa.<br \/>\n&#8220;Estes fatos deixaram inocultavelmente a nu as enormes defici\u00eancias de nosso Estado, muitas vezes escondidas por indicadores internacionais muito imperfeitos que o avaliam satisfatoriamente&#8221;, escreveu o jornal em editorial.<br \/>\nA vitrine em que o Chile era a j\u00f3ia dos neoliberais rachou, embora eu duvide que eles pretendam fazer <em><a href=\"http:\/\/pt.wikipedia.org\/wiki\/Mea_culpa\">mea culpa<\/a><\/em> aumentando a capacita\u00e7\u00e3o, a forma\u00e7\u00e3o e os sal\u00e1rios do funcionalismo e os gastos p\u00fablicos com pol\u00edticas sociais e infraestrutura para os que hoje saqueiam. A\u00ed j\u00e1 seria &#8220;estado demais&#8221;.<\/p>\n<h3>Coment\u00e1rio por Allan Patrick<\/h3>\n<p>Como eu comentei no s\u00edtio do Azenha (Vi o Mundo) e Naomi Klein relata na sua excelente obra, <a href=\"\/tag\/doutrina-do-choque\/\">Doutrina do Choque<\/a>, os <a href=\"http:\/\/pt.wikipedia.org\/wiki\/Chicago_Boys\">chicago boys<\/a> j\u00e1 devem estar esfregando as m\u00e3os e pensando em como aproveitar a cat\u00e1strofe e a fragilidade da popula\u00e7\u00e3o para radicalizar ainda mais sua agenda de estado m\u00ednimo, redu\u00e7\u00e3o de direitos trabalhistas e gentrifica\u00e7\u00e3o, expulsando, por exemplo, comunidades pobres de regi\u00f5es litor\u00e2neas afetadas pelo tsunami em favor de empreendimentos tur\u00edsticos de luxo.<\/p>\n<h3>Veja tamb\u00e9m:<\/h3>\n<p>&#8211; <a href=\"\/2010\/03\/07\/como-milton-friedman-nao-salvou-o-chile\/\">Como Milton Friedman n\u00e3o salvou o Chile<\/a>.<br \/>\n&#8211; <a href=\"\/2010\/01\/31\/como-entender-o-haiti-com-a-ajuda-de-naomi-klein\/\">Como entender o Haiti com a ajuda de Naomi Klein<\/a>.<br \/>\n&#8211; <a href=\"\/2010\/01\/15\/o-haiti-e-a-doutrina-do-choque\/\">O Haiti e a Doutrina do Choque<\/a>.<br \/>\n&#8211; <a href=\"\/2010\/03\/03\/proudhon-e-o-chile\/\">Proudhon  e o Chile<\/a>.<\/p>\n","protected":false},"excerpt":{"rendered":"<p>por Luiz Carlos Azenha Santiago &#8212; O retumbante fracasso do governo Bachelet na resposta ao terremoto da semana passada levou a uma situa\u00e7\u00e3o curiosa, no Chile: os liberais agora atacam o estado m\u00ednimo, do qual o pa\u00eds sempre foi um exemplo cantado em prosa e verso. Quanto ao fracasso, foi espetacular e, para mim, revelador.&hellip; <a class=\"more-link\" href=\"http:\/\/caderno.allanpatrick.net\/?p=2706\">Continue reading <span class=\"screen-reader-text\">Chile, terremoto e estado m\u00ednimo<\/span><\/a><\/p>\n","protected":false},"author":1,"featured_media":0,"comment_status":"open","ping_status":"open","sticky":false,"template":"","format":"standard","meta":[],"categories":[3],"tags":[72,114,207,243,545,655,692],"_links":{"self":[{"href":"http:\/\/caderno.allanpatrick.net\/index.php?rest_route=\/wp\/v2\/posts\/2706"}],"collection":[{"href":"http:\/\/caderno.allanpatrick.net\/index.php?rest_route=\/wp\/v2\/posts"}],"about":[{"href":"http:\/\/caderno.allanpatrick.net\/index.php?rest_route=\/wp\/v2\/types\/post"}],"author":[{"embeddable":true,"href":"http:\/\/caderno.allanpatrick.net\/index.php?rest_route=\/wp\/v2\/users\/1"}],"replies":[{"embeddable":true,"href":"http:\/\/caderno.allanpatrick.net\/index.php?rest_route=%2Fwp%2Fv2%2Fcomments&post=2706"}],"version-history":[{"count":0,"href":"http:\/\/caderno.allanpatrick.net\/index.php?rest_route=\/wp\/v2\/posts\/2706\/revisions"}],"wp:attachment":[{"href":"http:\/\/caderno.allanpatrick.net\/index.php?rest_route=%2Fwp%2Fv2%2Fmedia&parent=2706"}],"wp:term":[{"taxonomy":"category","embeddable":true,"href":"http:\/\/caderno.allanpatrick.net\/index.php?rest_route=%2Fwp%2Fv2%2Fcategories&post=2706"},{"taxonomy":"post_tag","embeddable":true,"href":"http:\/\/caderno.allanpatrick.net\/index.php?rest_route=%2Fwp%2Fv2%2Ftags&post=2706"}],"curies":[{"name":"wp","href":"https:\/\/api.w.org\/{rel}","templated":true}]}}