{"id":2249,"date":"2009-12-27T11:51:20","date_gmt":"2009-12-27T14:51:20","guid":{"rendered":"http:\/\/caderno.allanpatrick.net\/?p=2249"},"modified":"2009-12-27T11:51:20","modified_gmt":"2009-12-27T14:51:20","slug":"frases-para-entender-o-brasil","status":"publish","type":"post","link":"http:\/\/caderno.allanpatrick.net\/?p=2249","title":{"rendered":"Frases para entender o Brasil"},"content":{"rendered":"<div>\n<div>\n<div>\n<div>\n<p style=\"text-align:justify;\"><em>Fim de ano, f\u00e9rias: uma boa oportunidade para conhecer o trabalho de um \u00f3timo jornalista, o premiado Leonardo Sakamoto. Eis uma amostra do seu <a href=\"http:\/\/colunistas.ig.com.br\/sakamoto\/2009\/12\/26\/retrospectiva-2009-frases-para-entender-o-brasil\/\">Blogue do Sakamoto<\/a>.<\/em><\/p>\n<p style=\"text-align:justify;\"><em><span style=\"color:#ff0000;\">Atualiza\u00e7\u00e3o (31\/12\/2009)<\/span>: novo endere\u00e7o do Blogue do Sakamoto: <a href=\"http:\/\/blogdosakamoto.com.br\/\">http:\/\/blogdosakamoto.com.br\/<\/a><\/em><\/p>\n<p><strong>26\/12\/2009 &#8211; Por Leonardo Sakamoto.<br \/>\n<\/strong><\/p>\n<p style=\"text-align:justify;\">\n<p><figure id=\"attachment_2251\" aria-describedby=\"caption-attachment-2251\" style=\"width: 300px\" class=\"wp-caption alignright\"><a href=\"http:\/\/www.agenciabrasil.gov.br\/media\/imagens\/200http:\/\/www.agenciabrasil.gov.br\/media\/imagens\/2006\/12\/18\/1330AT059.jpg\/view6\/12\/18\/1330AT059.jpg\/view\"><img loading=\"lazy\" class=\"size-medium wp-image-2251\" title=\"Leonardo Sakamoto\" src=\"http:\/\/caderno.allanpatrick.net\/wp-content\/uploads\/2009\/12\/leonardo-sakamoto.jpg?w=300\" alt=\"\" width=\"300\" height=\"233\" \/><\/a><figcaption id=\"caption-attachment-2251\" class=\"wp-caption-text\">Leonardo Sakamoto. Ag\u00eancia Brasil.<\/figcaption><\/figure><br \/>\nEsta \u00e9 a \u00e9poca das retrospectivas. O jornalismo circula menos not\u00edcia (n\u00e3o que o mundo tenha parado de girar ou desgra\u00e7as tenham deixado de acontecer, mas os itens da \u201cagenda\u201d\u00a0 deram uma folga) e, na minha opini\u00e3o, consome-se menos informa\u00e7\u00e3o enlatada \u2013 ou pelo menos, deveria-se. As retrospectivas, normalmente material que pode ser deixado na gaveta, tamb\u00e9m servem para dar uma respiro aos colegas que podem aproveitar, dessa forma, um chester, uma sidra ou ambos.<\/p>\n<p style=\"text-align:justify;\">N\u00e3o por isso, este blog come\u00e7a o seu momento de retrospectivas. Desta vez, vamos com as famosas \u201cFrases para entender o Brasil\u201d: curtas, grossas, maravilhosamente elucidativas do que faz o brasil Brasil. Ditas por lideran\u00e7as sociais, pol\u00edticas e econ\u00f4micas, elas foram escolhidas e comentadas ao longo de 2009 por este blog na busca por compreender por que este pa\u00eds \u00e9 assim. Divirta-se (se puder).<\/p>\n<p>Publicada em 4 de novembro<em><br \/>\n<\/em><strong>Tema: <\/strong>Castidade<br \/>\n<strong>\u201cQueremos desmatamento zero\u2026 mas a partir de agora.\u201d<br \/>\n<\/strong><em>Luiz Carlos Heinze, deputado federal (PP-RS), defendendo que se passe uma borracha no passado, atrav\u00e9s de uma anistia ampla, geral e irrestrita para os crimes ambientais cometidos at\u00e9 agora. Ele considera os alertas sobre o aquecimento global uma paran\u00f3ia. Provavelmente, tal qual aquela paran\u00f3ia da qual falava seu partido, a Arena, durante a ditadura: de que o governo matava opositores do regime\u2026 E, da mesma forma que os reacion\u00e1rios interpretam a Anistia de 1979, ele quer absolver e ignorar o passado para construir o futuro \u2013 como se isso fosse poss\u00edvel. <\/em><br \/>\n<em>Santo Agostinho, quando entendeu que devia se converter mas n\u00e3o tinha coragem para tanto, disse: \u201cSenhor, dai-me a castidade\u2026 mas n\u00e3o ainda.\u201d Sem ser santo ou fil\u00f3sofo, o deputado tamb\u00e9m defende um mundo melhor. Mas n\u00e3o ainda.<\/em><br \/>\nPublicada em 23 de agosto<strong><strong><em><br \/>\n<\/em><\/strong>Tema:<\/strong> Erro na execu\u00e7\u00e3o de pol\u00edticas p\u00fablicas<br \/>\n<strong>\u201cMataram um. T\u00e3o matando pouco!\u201d<br \/>\n<\/strong><em>Carlos Alberto Teixeira, fazendeiro ga\u00facho, expondo a plenos pulm\u00f5es todo o seu sentimento de classe e desejo \u00edntimo a manifestantes que protestavam contra o assassinato de um trabalhador rural sem-terra pela for\u00e7a policial do Rio Grande do Sul. A morte ocorreu na \u00faltima sexta (21), durante uma truculenta desocupa\u00e7\u00e3o no munic\u00edpio de S\u00e3o Gabriel. Vale lembrar que\u00a0o governo Yeda Crusius\u00a0tem sido extremamente violento contra os movimentos sociais, defendendo o direito \u00e0 propriedade acima do direito \u00e0 vida. A repercuss\u00e3o negativa fez com que o coronel Lauro Binsfeld, subcomandante-geral da Brigada Militar, fosse afastado por \u201cerro na execu\u00e7\u00e3o\u201d do planejamento. Deus que me livre e guarde se ele tivesse acertado.<\/em><br \/>\nPublicada em 18 de mar\u00e7o<em><br \/>\n<\/em><strong>Tema: <\/strong>A\u00a0propriedade privada<br \/>\n<strong>\u201cPodemos at\u00e9 decretar pris\u00e3o perp\u00e9tua nesses casos, mas n\u00e3o podemos colocar em risco o direito de propriedade.\u201d<br \/>\n<\/strong><em>Ronaldo Caiado, deputado federal (DEM-GO), fundador da Uni\u00e3o Democr\u00e1tica Ruralista (UDR) e\u00a0l\u00edder da bancada ruralista no Congresso Nacional, ao criticar\u00a0a proposta de emenda \u00e0 Constitui\u00e7\u00e3o que possibilitaria confiscar as terras de quem usa trabalho escravo e destin\u00e1-las \u00e0 reforma agr\u00e1ria. No jornal Correio Braziliense de hoje.<\/em><br \/>\nPublicada em 11 de abril<em><br \/>\n<\/em><strong>Tema: <\/strong>Insensibilidade<br \/>\n<strong>\u201cImagine se todas as fam\u00edlias que deixaram suas casas resolvessem invadir terrenos.\u00a0\u00c9 como justificar que alguem roubou porque tinha fome.\u201d<br \/>\n<\/strong><em>Mario Hildebrandt, secret\u00e1rio de Assistencia Social de Blumenal (SC), criticando decis\u00e3o judicial que permitiu a fam\u00edlias que perderam suas casas com as chuvas em Santa Catarina permanecerem em terrenos da prefeitura at\u00e9 uma solu\u00e7\u00e3o definitiva.<\/em><br \/>\nPublicada em 21 de maio<br \/>\n<strong>Tema:<\/strong> Tradi\u00e7\u00e3o<br \/>\n<strong>\u201cChamar de degradante um estilo de trabalho que \u00e9 a realidade do Brasil e que n\u00f3s, produtores, estamos mudando paulatinamente com empreendimentos como o da Saudibras no Tocantins, \u00e9 um absurdo.\u201d<br \/>\n<\/strong><em>Obeid Binzagr, propriet\u00e1rio da empresa Saudibras Agropecu\u00e1ria e Empreendimentos e Representa\u00e7\u00f5es Ltda, que produz pinh\u00e3o-manso, utilizado para a fabrica\u00e7\u00e3o de biodisel, ao reclamar da liberta\u00e7\u00e3o de 280 escravos de sua lavoura no munic\u00edpio de Caseara (TO), em declara\u00e7\u00e3o no Jornal do Tocantins. <\/em><br \/>\nPublicada em 23 de maio<br \/>\n<strong>Tema<\/strong>:\u00a0Lobby<br \/>\n<strong>\u201cEssa juventude tem de parar de s\u00f3 ficar pendurada na internet. Tem de assistir mais r\u00e1dio e televis\u00e3o.\u201d<br \/>\n<\/strong><em>H\u00e9lio Costa, ministro das Comunica\u00e7\u00f5es, publicado na ag\u00eancia Teletime, ao discursar em um congresso de radiodifus\u00e3o. Ele\u00a0j\u00e1 \u201cfoi\u201d funcion\u00e1rio da Rede Globo.\u00a0Luciana Gimenez, Gugu e Faust\u00e3o neles!<\/em> <em>Uma pergunta: como se \u201cassiste r\u00e1dio\u201d? <\/em><br \/>\nPublicadas em 23 de maio<strong><br \/>\nTema<\/strong>:\u00a0Meio Ambiente<br \/>\n<strong>\u201cSe essa defesa antipatri\u00f3tica do meio ambiente que fazem aqui no Brasil fosse feita por essas pessoas na China, elas j\u00e1 teriam levado tiro e a fam\u00edlia ter pago a bala.\u201d<br \/>\n<\/strong><em>Ant\u00f4nio Fernando Pinheiro Pedro, presidente do Comit\u00ea de Meio Ambiente da C\u00e2mara Americana de Com\u00e9rcio (Amcham), em debate sobre o tema para empres\u00e1rios associados, revelando certos desejos.<\/em><br \/>\n<strong>\u201cO que os defensores do meio ambiente devem entender, \u00e9 que o universo \u00e9 violento e destrutivo. Portanto preservar o meio ambiente deve considerar isso, porque sen\u00e3o poder\u00e1 \u00e0s vezes nos prejudicar. Ao derrubar uma \u00e1rvore, estamos na verdade dando o direito de outra nascer.\u201d<br \/>\n<\/strong><em>Luciano Pizzatto, deputado federal pelo DEM do Paran\u00e1,\u00a0tamb\u00e9m no debate na Amcham, usando uma ret\u00f3rica pol\u00edtica de alto n\u00edvel para explicar\u00a0como\u00a0a\u00a0motosserra equilibra as for\u00e7as do universo.<\/em><br \/>\nPublicada em 13 de julho<strong><br \/>\nTema<\/strong>: Humor<br \/>\n<strong>\u201cO trabalho escravo \u00e9 uma piada!\u201d<br \/>\n<\/strong><em>Giovanni Queiroz, deputado federal (PDT-PA), produtor rural e expoente da bancada ruralista, ao desqualificar o sistema de combate \u00e0 escravid\u00e3o no Brasil <\/em><em>em audi\u00eancia no Congresso Nacional. <\/em><em>Isso significa que Queiroz acha engra\u00e7ado o fato de mais de 34 mil trabalhadores, escravizados em fazendas e carvoarias de todo o pa\u00eds, tenham ganhado a liberdade desde 1995 <\/em><em>gra\u00e7as a esse sistema. Provavelmente, tamb\u00e9m deve considerar hil\u00e1ria a situa\u00e7\u00e3o daqueles que n\u00e3o conseguiram escapar para fazer a den\u00fancia e, por isso, permaneceram presos.<\/em>\n<\/div>\n<\/div>\n<\/div>\n<\/div>\n","protected":false},"excerpt":{"rendered":"<p>Fim de ano, f\u00e9rias: uma boa oportunidade para conhecer o trabalho de um \u00f3timo jornalista, o premiado Leonardo Sakamoto. Eis uma amostra do seu Blogue do Sakamoto. Atualiza\u00e7\u00e3o (31\/12\/2009): novo endere\u00e7o do Blogue do Sakamoto: http:\/\/blogdosakamoto.com.br\/ 26\/12\/2009 &#8211; Por Leonardo Sakamoto. Esta \u00e9 a \u00e9poca das retrospectivas. O jornalismo circula menos not\u00edcia (n\u00e3o que o&hellip; <a class=\"more-link\" href=\"http:\/\/caderno.allanpatrick.net\/?p=2249\">Continue reading <span class=\"screen-reader-text\">Frases para entender o Brasil<\/span><\/a><\/p>\n","protected":false},"author":1,"featured_media":0,"comment_status":"open","ping_status":"open","sticky":false,"template":"","format":"standard","meta":[],"categories":[3],"tags":[72,84,192,198,399,449,662,663],"_links":{"self":[{"href":"http:\/\/caderno.allanpatrick.net\/index.php?rest_route=\/wp\/v2\/posts\/2249"}],"collection":[{"href":"http:\/\/caderno.allanpatrick.net\/index.php?rest_route=\/wp\/v2\/posts"}],"about":[{"href":"http:\/\/caderno.allanpatrick.net\/index.php?rest_route=\/wp\/v2\/types\/post"}],"author":[{"embeddable":true,"href":"http:\/\/caderno.allanpatrick.net\/index.php?rest_route=\/wp\/v2\/users\/1"}],"replies":[{"embeddable":true,"href":"http:\/\/caderno.allanpatrick.net\/index.php?rest_route=%2Fwp%2Fv2%2Fcomments&post=2249"}],"version-history":[{"count":0,"href":"http:\/\/caderno.allanpatrick.net\/index.php?rest_route=\/wp\/v2\/posts\/2249\/revisions"}],"wp:attachment":[{"href":"http:\/\/caderno.allanpatrick.net\/index.php?rest_route=%2Fwp%2Fv2%2Fmedia&parent=2249"}],"wp:term":[{"taxonomy":"category","embeddable":true,"href":"http:\/\/caderno.allanpatrick.net\/index.php?rest_route=%2Fwp%2Fv2%2Fcategories&post=2249"},{"taxonomy":"post_tag","embeddable":true,"href":"http:\/\/caderno.allanpatrick.net\/index.php?rest_route=%2Fwp%2Fv2%2Ftags&post=2249"}],"curies":[{"name":"wp","href":"https:\/\/api.w.org\/{rel}","templated":true}]}}