{"id":1944,"date":"2009-11-25T07:00:04","date_gmt":"2009-11-25T10:00:04","guid":{"rendered":"http:\/\/caderno.allanpatrick.net\/?p=1944"},"modified":"2009-11-25T07:00:04","modified_gmt":"2009-11-25T10:00:04","slug":"o-banco-do-brasil-salvou-o-pais-da-crise","status":"publish","type":"post","link":"http:\/\/caderno.allanpatrick.net\/?p=1944","title":{"rendered":"O Banco do Brasil salvou o pa\u00eds da crise"},"content":{"rendered":"<p><em><strong>Por Allan Patrick<\/strong><\/em><br \/>\n<figure id=\"attachment_1704\" aria-describedby=\"caption-attachment-1704\" style=\"width: 300px\" class=\"wp-caption alignright\"><a href=\"http:\/\/commons.wikimedia.org\/wiki\/File:Agrestina-Banco-do-Brasil.jpg\"><img loading=\"lazy\" class=\"size-medium wp-image-1704\" title=\"Banco-do-Brasil\" src=\"http:\/\/caderno.allanpatrick.net\/wp-content\/uploads\/2009\/10\/banco-do-brasil.jpg?w=300\" alt=\"\" width=\"300\" height=\"225\" \/><\/a><figcaption id=\"caption-attachment-1704\" class=\"wp-caption-text\">Banco do Brasil salvou o pa\u00eds de uma crise banc\u00e1ria.<\/figcaption><\/figure><\/p>\n<p style=\"text-align:justify;\">Na semana passada, M\u00e1rio Tor\u00f3s, agora ex-diretor do Banco Central, deu um depoimento ao jornal Valor Econ\u00f4mico que serviu de base para uma longa, <a href=\"https:\/\/conteudoclippingmp.planejamento.gov.br\/cadastros\/noticias\/2009\/11\/13\/os-bastidores-da-crise\">Os Bastidores da Crise<\/a>. Nessa reportagem, al\u00e9m de se arvorar como o her\u00f3i que salvou o Brasil de uma grave crise banc\u00e1ria, Tor\u00f3s fez insinua\u00e7\u00f5es grav\u00edssimas contra o Ministro da Fazenda, Guido Mantega, como no seguinte trecho:<\/p>\n<blockquote>\n<p style=\"text-align:justify;\"><strong>A resist\u00eancia do BC e do presidente da Rep\u00fablica em queimar reservas era<\/strong>, at\u00e9 ent\u00e3o, <strong>uma informa\u00e7\u00e3o estrat\u00e9gica, mantida em segredo dentro do governo<\/strong>. O mercado n\u00e3o podia saber, em hip\u00f3tese alguma, que o BC negaria muni\u00e7\u00e3o. Mas no dia 6 de outubro, uma segunda-feira,<strong> o ministro Guido Mantega disse, em entrevista, que Lula proibira o BC de gastar reservas<\/strong>. O efeito no mercado foi imediato. A cota\u00e7\u00e3o do d\u00f3lar saltou de R$ 2,19 para R$ 2,45 em menos de 48 horas. O ingrediente final foi uma corrida banc\u00e1ria, que se originou em outros pa\u00edses do mundo e atingira o Brasil. Tor\u00f3s fez seu diagn\u00f3stico definitivo: era preciso vender d\u00f3lar no mercado \u00e0 vista. E imediatamente. <em>(grifo nosso)<\/em><\/p>\n<\/blockquote>\n<p style=\"text-align:justify;\">Na sua coluna, <a href=\"http:\/\/colunistas.ig.com.br\/luisnassif\/2009\/11\/13\/eles-quase-quebraram-o-pais\/\">Eles quase quebraram o pa\u00eds<\/a>, Lu\u00eds Nassif revelou como na verdade a a\u00e7\u00e3o do Banco Central, ao estimular o <em>swap reverso<\/em> (um <a href=\"http:\/\/pt.wikipedia.org\/wiki\/Derivativo\">derivativo<\/a> que permitia aos exportadores ganhar com a queda do d\u00f3lar frente ao real, mas com elevados riscos em caso de subida do d\u00f3lar), gerou um preju\u00edzo de R$ 10 bilh\u00f5es para o Tesouro Nacional, jogou na lona empresas financeiramente saud\u00e1veis como Sadia e Aracruz, e quase resultou numa crise banc\u00e1ria. M\u00e1rio Tor\u00f3s <a href=\"http:\/\/colunistas.ig.com.br\/luisnassif\/2009\/11\/16\/a-queda-de-mario-toros\/\">deixou o Banco Central<\/a> na semana passada e agora veio \u00e0 tona o papel do Banco do Brasil no resgate do sistema banc\u00e1rio brasileiro, quando <a href=\"http:\/\/colunistas.ig.com.br\/luisnassif\/2009\/11\/24\/como-o-bc-agravou-a-crise-do-centro-oeste\/\">o Banco Central decidiu lavar as m\u00e3os<\/a>.<\/p>\n<p style=\"text-align:justify;\">A atua\u00e7\u00e3o do Banco do Brasil foi narrada na mat\u00e9ria &#8220;<a href=\"https:\/\/conteudoclippingmp.planejamento.gov.br\/cadastros\/noticias\/2009\/11\/24\/na-crise-bb-colocou-r-6-7-bi-para-socorrer-bancos-e-sadia\">Na crise, BB colocou R$ 6,7 bi para socorrer bancos e Sadia<\/a>&#8220;:<\/p>\n<blockquote>\n<p style=\"text-align:justify;\">O Banco do Brasil assumiu o papel de emprestador de \u00faltima inst\u00e2ncia para evitar uma crise banc\u00e1ria de grandes propor\u00e7\u00f5es entre setembro de 2008 e janeiro de 2009, enquanto o Banco Central relutava em desempenhar essa fun\u00e7\u00e3o, temendo riscos judiciais em opera\u00e7\u00f5es de empr\u00e9stimos aos bancos. O BB injetou R$ 5,8 bilh\u00f5es nos bancos Votorantim, Safra e Alfa durante a crise, para ajud\u00e1-los a refor\u00e7ar o caixa em meio a uma corrida banc\u00e1ria no mundo. O banco federal tamb\u00e9m socorreu a Sadia, que havia sofrido perdas em opera\u00e7\u00f5es com derivativos, liberando um empr\u00e9stimo de R$ 900 milh\u00f5es.<\/p>\n<p style=\"text-align:justify;\">Executivos do Banco do Brasil e outras fontes do governo revelaram ao Valor o papel do banco estatal nesse per\u00edodo, que no caso dos bancos foi cumprido por meio de compras de carteira de cr\u00e9dito e de dep\u00f3sitos interfinanceiros garantidos por empr\u00e9stimos.<\/p>\n<p style=\"text-align:justify;\">Ao mesmo tempo em que ajudou a estancar a crise, o BB colocou em pr\u00e1tica uma bem-sucedida estrat\u00e9gia que permitiu recuperar a lideran\u00e7a em ativos no mercado banc\u00e1rio, temporariamente perdida com a compra do Unibanco pelo Ita\u00fa, anunciada em 3 de novembro de 2008. O acesso a informa\u00e7\u00f5es sobre a carteira de cr\u00e9dito de bancos concorrentes pavimentou o caminho para a aquisi\u00e7\u00e3o de metade do controle acion\u00e1rio do Banco Votorantim.<\/p>\n<p style=\"text-align:justify;\"><a href=\"https:\/\/conteudoclippingmp.planejamento.gov.br\/cadastros\/noticias\/2009\/11\/24\/na-crise-bb-colocou-r-6-7-bi-para-socorrer-bancos-e-sadia\">Continua&#8230;<\/a><\/p>\n<\/blockquote>\n<h3>Textos relacionados:<\/h3>\n<p>&#8211; <a href=\"\/2009\/10\/29\/menor-carga-tributaria-e-sinonimo-de-desenvolvimento\/\">Menor carga tribut\u00e1ria \u00e9 sin\u00f4nimo de desenvolvimento?<\/a><br \/>\n&#8211; <a href=\"\/2009\/08\/11\/krugman-o-estado-salvou-o-mundo-da-crise\/\">Krugman: o Estado salvou o mundo da crise<\/a>.<\/p>\n","protected":false},"excerpt":{"rendered":"<p>Por Allan Patrick Na semana passada, M\u00e1rio Tor\u00f3s, agora ex-diretor do Banco Central, deu um depoimento ao jornal Valor Econ\u00f4mico que serviu de base para uma longa, Os Bastidores da Crise. Nessa reportagem, al\u00e9m de se arvorar como o her\u00f3i que salvou o Brasil de uma grave crise banc\u00e1ria, Tor\u00f3s fez insinua\u00e7\u00f5es grav\u00edssimas contra o&hellip; <a class=\"more-link\" href=\"http:\/\/caderno.allanpatrick.net\/?p=1944\">Continue reading <span class=\"screen-reader-text\">O Banco do Brasil salvou o pa\u00eds da crise<\/span><\/a><\/p>\n","protected":false},"author":1,"featured_media":0,"comment_status":"open","ping_status":"open","sticky":false,"template":"","format":"standard","meta":[],"categories":[2],"tags":[53,54,155,213,414,689],"_links":{"self":[{"href":"http:\/\/caderno.allanpatrick.net\/index.php?rest_route=\/wp\/v2\/posts\/1944"}],"collection":[{"href":"http:\/\/caderno.allanpatrick.net\/index.php?rest_route=\/wp\/v2\/posts"}],"about":[{"href":"http:\/\/caderno.allanpatrick.net\/index.php?rest_route=\/wp\/v2\/types\/post"}],"author":[{"embeddable":true,"href":"http:\/\/caderno.allanpatrick.net\/index.php?rest_route=\/wp\/v2\/users\/1"}],"replies":[{"embeddable":true,"href":"http:\/\/caderno.allanpatrick.net\/index.php?rest_route=%2Fwp%2Fv2%2Fcomments&post=1944"}],"version-history":[{"count":0,"href":"http:\/\/caderno.allanpatrick.net\/index.php?rest_route=\/wp\/v2\/posts\/1944\/revisions"}],"wp:attachment":[{"href":"http:\/\/caderno.allanpatrick.net\/index.php?rest_route=%2Fwp%2Fv2%2Fmedia&parent=1944"}],"wp:term":[{"taxonomy":"category","embeddable":true,"href":"http:\/\/caderno.allanpatrick.net\/index.php?rest_route=%2Fwp%2Fv2%2Fcategories&post=1944"},{"taxonomy":"post_tag","embeddable":true,"href":"http:\/\/caderno.allanpatrick.net\/index.php?rest_route=%2Fwp%2Fv2%2Ftags&post=1944"}],"curies":[{"name":"wp","href":"https:\/\/api.w.org\/{rel}","templated":true}]}}