{"id":1807,"date":"2009-11-12T07:00:22","date_gmt":"2009-11-12T10:00:22","guid":{"rendered":"http:\/\/caderno.allanpatrick.net\/?p=1807"},"modified":"2009-11-12T07:00:22","modified_gmt":"2009-11-12T10:00:22","slug":"qual-a-importancia-do-mercosul","status":"publish","type":"post","link":"http:\/\/caderno.allanpatrick.net\/?p=1807","title":{"rendered":"Qual a import\u00e2ncia do Mercosul?"},"content":{"rendered":"<p><em><strong>Por Allan Patrick<\/strong><\/em><br \/>\n<figure id=\"attachment_1808\" aria-describedby=\"caption-attachment-1808\" style=\"width: 150px\" class=\"wp-caption alignright\"><a href=\"http:\/\/pt.wikipedia.org\/wiki\/Mercado_Comum_do_Sul\"><img loading=\"lazy\" class=\"size-thumbnail wp-image-1808\" title=\"Mercosul\" src=\"http:\/\/caderno.allanpatrick.net\/wp-content\/uploads\/2009\/11\/mercosul.png?w=150\" alt=\"Mercosul\" width=\"150\" height=\"90\" \/><\/a><figcaption id=\"caption-attachment-1808\" class=\"wp-caption-text\">Bandeira do Mercosul<\/figcaption><\/figure><\/p>\n<p style=\"text-align:justify;\">N\u00e3o vamos entrar em detalhes, por enquanto, acerca da estrutura do <a href=\"http:\/\/pt.wikipedia.org\/wiki\/Mercado_Comum_do_Sul\">Mercosul<\/a>. Apenas ressaltaremos, com as informa\u00e7\u00f5es que o blogueiro <a href=\"http:\/\/oleododiabo.blogspot.com\/2009\/11\/calor-e-numeros.html\">Miguel do Ros\u00e1rio<\/a> obteve nas estat\u00edsticas oficiais, a import\u00e2ncia dessa <a href=\"http:\/\/pt.wikipedia.org\/wiki\/Uni\u00e3o_aduaneira\">uni\u00e3o aduaneira<\/a> para a economia brasileira.<\/p>\n<p style=\"text-align:justify;\">No texto &#8220;<a href=\"\/2009\/09\/11\/uma-tonelada-de-minerio-de-ferro-ou-um-par-de-tenis\/\">Uma tonelada de min\u00e9rio de ferro ou um par de t\u00eanis?<\/a>&#8221; j\u00e1 refletimos sobre a import\u00e2ncia do valor agregado no com\u00e9rcio internacional. Vamos aplicar esse mesmo racioc\u00ednio \u00e0s trocas comerciais do Brasil com os Estados membros do Mercosul.<\/p>\n<p style=\"text-align:justify;\">O dado \u00e9 muito simples e convincente (a fonte, como j\u00e1 informamos, \u00e9 o <a href=\"http:\/\/www.mdic.gov.br\/\">Minist\u00e9rio do Desenvolvimento<\/a>, via <a href=\"http:\/\/oleododiabo.blogspot.com\/2009\/11\/calor-e-numeros.html\">Miguel do Ros\u00e1rio<\/a>):<\/p>\n<blockquote>\n<p style=\"text-align:justify;\">As exporta\u00e7\u00f5es brasileiras para Am\u00e9rica do Sul e Caribe somaram <strong>35,76 bilh\u00f5es de d\u00f3lares<\/strong> nos \u00faltimos 12 meses (nov\/out 2009), contra <strong>16,70 bilh\u00f5es<\/strong> para os EUA. <em>(grifo nosso)<\/em><\/p>\n<\/blockquote>\n<p style=\"text-align:justify;\">Mas, mais relevante do que a quantidade \u00e9 a qualidade:<\/p>\n<blockquote>\n<p style=\"text-align:justify;\">O pre\u00e7o m\u00e9dio das exporta\u00e7\u00f5es brasileiras para a Am\u00e9rica Latina e Caribe ficou em <strong>1.003 d\u00f3lares a tonelada<\/strong>, contra <strong>131<\/strong> d\u00f3lares para a China, <strong>802<\/strong> d\u00f3lares para os EUA e <strong>453<\/strong> d\u00f3lares para a Uni\u00e3o Europ\u00e9ia. <em>(grifo nosso)<\/em><\/p>\n<\/blockquote>\n<p style=\"text-align:justify;\">E \u00e9 neste aspecto que o Mercosul \u00e9 imbat\u00edvel:<\/p>\n<blockquote>\n<p style=\"text-align:justify;\">Para o Mercosul, o pre\u00e7o m\u00e9dio das exporta\u00e7\u00f5es brasileiras atingiu <strong>1.425 d\u00f3lares a tonelada<\/strong>. <em>(grifo nosso)<\/em><\/p>\n<\/blockquote>\n<h3>Textos relacionados:<\/h3>\n<p>&#8211; <a href=\"\/2011\/04\/25\/a-vale-e-o-valor\/\">A Vale o valor<\/a>.<br \/>\n&#8211; <a href=\"\/2009\/11\/17\/nike-e-o-valor-agregado\/\">Nike e o valor agregado<\/a>.<br \/>\n&#8211; <a href=\"\/2009\/09\/11\/uma-tonelada-de-minerio-de-ferro-ou-um-par-de-tenis\/\">Uma tonelada de min\u00e9rio de ferro ou um par de t\u00eanis?<\/a><br \/>\n&#8211; <a href=\"\/2011\/06\/09\/causos-londrinos-os-produtos-brasileiros\/\">Causos londrinos: os produtos brasileiros<\/a>.<\/p>\n","protected":false},"excerpt":{"rendered":"<p>Por Allan Patrick N\u00e3o vamos entrar em detalhes, por enquanto, acerca da estrutura do Mercosul. Apenas ressaltaremos, com as informa\u00e7\u00f5es que o blogueiro Miguel do Ros\u00e1rio obteve nas estat\u00edsticas oficiais, a import\u00e2ncia dessa uni\u00e3o aduaneira para a economia brasileira. No texto &#8220;Uma tonelada de min\u00e9rio de ferro ou um par de t\u00eanis?&#8221; j\u00e1 refletimos sobre&hellip; <a class=\"more-link\" href=\"http:\/\/caderno.allanpatrick.net\/?p=1807\">Continue reading <span class=\"screen-reader-text\">Qual a import\u00e2ncia do Mercosul?<\/span><\/a><\/p>\n","protected":false},"author":1,"featured_media":0,"comment_status":"open","ping_status":"open","sticky":false,"template":"","format":"standard","meta":[],"categories":[2],"tags":[72,132,213,452,461],"_links":{"self":[{"href":"http:\/\/caderno.allanpatrick.net\/index.php?rest_route=\/wp\/v2\/posts\/1807"}],"collection":[{"href":"http:\/\/caderno.allanpatrick.net\/index.php?rest_route=\/wp\/v2\/posts"}],"about":[{"href":"http:\/\/caderno.allanpatrick.net\/index.php?rest_route=\/wp\/v2\/types\/post"}],"author":[{"embeddable":true,"href":"http:\/\/caderno.allanpatrick.net\/index.php?rest_route=\/wp\/v2\/users\/1"}],"replies":[{"embeddable":true,"href":"http:\/\/caderno.allanpatrick.net\/index.php?rest_route=%2Fwp%2Fv2%2Fcomments&post=1807"}],"version-history":[{"count":0,"href":"http:\/\/caderno.allanpatrick.net\/index.php?rest_route=\/wp\/v2\/posts\/1807\/revisions"}],"wp:attachment":[{"href":"http:\/\/caderno.allanpatrick.net\/index.php?rest_route=%2Fwp%2Fv2%2Fmedia&parent=1807"}],"wp:term":[{"taxonomy":"category","embeddable":true,"href":"http:\/\/caderno.allanpatrick.net\/index.php?rest_route=%2Fwp%2Fv2%2Fcategories&post=1807"},{"taxonomy":"post_tag","embeddable":true,"href":"http:\/\/caderno.allanpatrick.net\/index.php?rest_route=%2Fwp%2Fv2%2Ftags&post=1807"}],"curies":[{"name":"wp","href":"https:\/\/api.w.org\/{rel}","templated":true}]}}