{"id":1488,"date":"2009-09-15T07:30:08","date_gmt":"2009-09-15T10:30:08","guid":{"rendered":"http:\/\/caderno.allanpatrick.net\/?p=1488"},"modified":"2009-09-15T07:30:08","modified_gmt":"2009-09-15T10:30:08","slug":"cinismo-nas-criticas-ao-plano-de-saude-de-obama","status":"publish","type":"post","link":"http:\/\/caderno.allanpatrick.net\/?p=1488","title":{"rendered":"Cinismo nas cr\u00edticas ao Plano de Sa\u00fade de Obama"},"content":{"rendered":"<p><em>Fonte: blogue da <a href=\"http:\/\/taxjustice.blogspot.com\/2009\/09\/bush-tax-cuts-versus-obamacare.html\">Rede pela Justi\u00e7a Fiscal<\/a>. Texto original em ingl\u00eas. A tradu\u00e7\u00e3o \u00e9 uma cortesia deste Caderno.<br \/>\n<\/em><\/p>\n<p style=\"text-align:justify;\">\n<p><figure id=\"attachment_1492\" aria-describedby=\"caption-attachment-1492\" style=\"width: 300px\" class=\"wp-caption alignright\"><a href=\"http:\/\/en.wikipedia.org\/wiki\/File:Joint_blog_close_PS-0774.jpg\"><img loading=\"lazy\" class=\"size-medium wp-image-1492\" title=\"Obama discurso reforma sa\u00fade\" src=\"http:\/\/caderno.allanpatrick.net\/wp-content\/uploads\/2009\/09\/obama-discurso-reforma-saude.jpg?w=300\" alt=\"Obama durante o discurso sobre o seu projeto de reforma da sa\u00fade.\" width=\"300\" height=\"200\" \/><\/a><figcaption id=\"caption-attachment-1492\" class=\"wp-caption-text\">Obama durante o discurso sobre o seu projeto de reforma da sa\u00fade.<\/figcaption><\/figure><br \/>\nTraduzo aqui texto do blogue da Rede pela Justi\u00e7a Fiscal, em que s\u00e3o expostos os argumentos c\u00ednicos dos que criticam o &#8220;excesso de gastos&#8221; no programa de <a href=\"http:\/\/en.wikipedia.org\/wiki\/Health_care_reform_in_the_United_States#Obama_administration_proposals\">reforma da sa\u00fade p\u00fablica de <\/a>Barack Obama.<\/p>\n<h3 style=\"text-align:justify;\"><a href=\"http:\/\/taxjustice.blogspot.com\/2009\/09\/bush-tax-cuts-versus-obamacare.html\">A redu\u00e7\u00e3o de impostos de Bush e o plano de sa\u00fade de Obama<\/a><\/h3>\n<p style=\"text-align:justify;\">A introdu\u00e7\u00e3o do <a href=\"http:\/\/salsa.democracyinaction.org\/dia\/track.jsp?v=2&amp;c=vGiLlWTMrlVry5OorVXld%2FsaQkJENoqo\">relat\u00f3rio<\/a> (em ingl\u00eas) elaborado pela <a href=\"http:\/\/www.ctj.org\/\"><em>Citizens for Tax Justice<\/em><\/a> (CTJ, Cidad\u00e3os pela Justi\u00e7a Fiscal) de Washington diz tudo:<\/p>\n<blockquote>\n<p style=\"text-align:justify;\">&#8220;Estimativas recentemente revistas pela Citizens for Tax Justice mostram que os cortes de impostos da era Bush alcan\u00e7aram cerca de US$ 2,5 trilh\u00f5es ao longo da d\u00e9cada seguinte \u00e0 sua implanta\u00e7\u00e3o (2001-2010). As proje\u00e7\u00f5es preliminares do <a href=\"http:\/\/en.wikipedia.org\/wiki\/Congressional_Budget_Office\">Congressional Budget Office<\/a> <em>[ag\u00eancia vinculada ao Congresso americano e que lhe prov\u00ea de informa\u00e7\u00f5es econ\u00f4micas e or\u00e7ament\u00e1rias]<\/em> mostram que a reforma na legisla\u00e7\u00e3o de sa\u00fade dever\u00e1 custar cerca de US$ 1 trilh\u00e3o ao longo da d\u00e9cada seguinte \u00e0 sua implanta\u00e7\u00e3o (2010-2019).&#8221;<\/p>\n<\/blockquote>\n<p style=\"text-align:justify;\">E ningu\u00e9m vai ficar surpreso ao ler que:<\/p>\n<blockquote>\n<p style=\"text-align:justify;\">&#8220;muitos dos congressistas que criticam a reforma da sa\u00fade pelos &#8220;gastos em demasia&#8221; que vai gerar s\u00e3o os mesmos que apoiaram os cortes de impostos promovidos por Bush. Seu hist\u00f3rico de votos no Congresso mostra que a reforma da sa\u00fade p\u00fablica, para eles, n\u00e3o \u00e9 uma quest\u00e3o de gastos, mas de prioridades.&#8221;<\/p>\n<\/blockquote>\n<p>E ainda:<\/p>\n<blockquote>\n<p style=\"text-align:justify;\">&#8220;Em 2010, quando todos os cortes implantados por Bush estiverem em vigor, impressionantes 52,5% dos benef\u00edcios gerados por esses cortes beneficiar\u00e3o os 5% mais ricos dos contribuintes.&#8221;<\/p>\n<\/blockquote>\n<p style=\"text-align:justify;\">E o CTJ tamb\u00e9m percebeu que:<\/p>\n<blockquote>\n<p style=\"text-align:justify;\">&#8220;Se aprovados projetos de lei em tramita\u00e7\u00e3o na C\u00e2mara, metade dos custos gerados ser\u00e3o compensados diretamente com redu\u00e7\u00f5es nos custos dos nossos planos de sa\u00fade, enquanto a outra metade ter\u00e1 como origem um aumento na carga tribut\u00e1ria dos contribuintes mais ricos. Uma an\u00e1lise elaborada previamente pelo CTJ mostrou que esse aumento na carga tribut\u00e1ria \u00e9 uma solu\u00e7\u00e3o razo\u00e1vel para financiar a reforma da sa\u00fade p\u00fablica e que afetar\u00e1 apenas 1,3% do total de contribuintes. Outro relat\u00f3rio do CTJ conclui que o aumento na carga tribut\u00e1ria n\u00e3o ter\u00e1 impacto significativo nas pequenas empresas, ao contr\u00e1rio do que a desinforma\u00e7\u00e3o que vem sendo publicada a respeito desse assunto faz crer.&#8221;<\/p>\n<\/blockquote>\n<h3 style=\"text-align:justify;\">Veja tamb\u00e9m:<\/h3>\n<p style=\"text-align:justify;\">&#8211; <a href=\"\/2010\/03\/25\/os-principais-pontos-da-lei-da-reforma-na-saude-de-obama\/\">Os principais pontos da lei da reforma na sa\u00fade de Obama<\/a>.<\/p>\n<p style=\"text-align:justify;\">&#8211; <a href=\"\/2010\/03\/26\/reforma-da-saude-de-obama-quem-vai-pagar-a-conta\/\">Reforma da sa\u00fade de Obama: quem vai pagar a conta?<\/a><\/p>\n","protected":false},"excerpt":{"rendered":"<p>Fonte: blogue da Rede pela Justi\u00e7a Fiscal. Texto original em ingl\u00eas. A tradu\u00e7\u00e3o \u00e9 uma cortesia deste Caderno. Traduzo aqui texto do blogue da Rede pela Justi\u00e7a Fiscal, em que s\u00e3o expostos os argumentos c\u00ednicos dos que criticam o &#8220;excesso de gastos&#8221; no programa de reforma da sa\u00fade p\u00fablica de Barack Obama. A redu\u00e7\u00e3o de&hellip; <a class=\"more-link\" href=\"http:\/\/caderno.allanpatrick.net\/?p=1488\">Continue reading <span class=\"screen-reader-text\">Cinismo nas cr\u00edticas ao Plano de Sa\u00fade de Obama<\/span><\/a><\/p>\n","protected":false},"author":1,"featured_media":0,"comment_status":"open","ping_status":"open","sticky":false,"template":"","format":"standard","meta":[],"categories":[3],"tags":[58,99,197,613,647],"_links":{"self":[{"href":"http:\/\/caderno.allanpatrick.net\/index.php?rest_route=\/wp\/v2\/posts\/1488"}],"collection":[{"href":"http:\/\/caderno.allanpatrick.net\/index.php?rest_route=\/wp\/v2\/posts"}],"about":[{"href":"http:\/\/caderno.allanpatrick.net\/index.php?rest_route=\/wp\/v2\/types\/post"}],"author":[{"embeddable":true,"href":"http:\/\/caderno.allanpatrick.net\/index.php?rest_route=\/wp\/v2\/users\/1"}],"replies":[{"embeddable":true,"href":"http:\/\/caderno.allanpatrick.net\/index.php?rest_route=%2Fwp%2Fv2%2Fcomments&post=1488"}],"version-history":[{"count":0,"href":"http:\/\/caderno.allanpatrick.net\/index.php?rest_route=\/wp\/v2\/posts\/1488\/revisions"}],"wp:attachment":[{"href":"http:\/\/caderno.allanpatrick.net\/index.php?rest_route=%2Fwp%2Fv2%2Fmedia&parent=1488"}],"wp:term":[{"taxonomy":"category","embeddable":true,"href":"http:\/\/caderno.allanpatrick.net\/index.php?rest_route=%2Fwp%2Fv2%2Fcategories&post=1488"},{"taxonomy":"post_tag","embeddable":true,"href":"http:\/\/caderno.allanpatrick.net\/index.php?rest_route=%2Fwp%2Fv2%2Ftags&post=1488"}],"curies":[{"name":"wp","href":"https:\/\/api.w.org\/{rel}","templated":true}]}}