{"id":1456,"date":"2009-09-10T23:14:45","date_gmt":"2009-09-11T02:14:45","guid":{"rendered":"http:\/\/caderno.allanpatrick.net\/?p=1456"},"modified":"2009-09-10T23:14:45","modified_gmt":"2009-09-11T02:14:45","slug":"mimo-2009","status":"publish","type":"post","link":"http:\/\/caderno.allanpatrick.net\/?p=1456","title":{"rendered":"Mimo 2009"},"content":{"rendered":"<p style=\"text-align:justify;\">Tive o prazer de presenciar dois eventos da <a href=\"http:\/\/www.mimo.art.br\/\">Mostra Internacional de M\u00fasica em Olinda<\/a>, Edi\u00e7\u00e3o 2009. Na Bas\u00edlica do Carmo, em Recife, o <a href=\"http:\/\/en.wikipedia.org\/wiki\/St._Petersburg_String_Quartet\">St. Petersburg String Quartet<\/a> (Quarteto de Cordas de S\u00e3o Peterburgo, R\u00fassia). E, na Pra\u00e7a do Carmo em Olinda, uma apresenta\u00e7\u00e3o do inigual\u00e1vel <a href=\"http:\/\/pt.wikipedia.org\/wiki\/Buena_Vista_Social_Club\">Buena Vista Social Club<\/a>. Parab\u00e9ns a Olinda pela organiza\u00e7\u00e3o de t\u00e3o belo evento.<\/p>\n<p><figure id=\"attachment_1457\" aria-describedby=\"caption-attachment-1457\" style=\"width: 500px\" class=\"wp-caption aligncenter\"><a href=\"http:\/\/www.flickr.com\/photos\/allanpatrick\/tags\/mimo2009\/\"><img loading=\"lazy\" class=\"size-full wp-image-1457\" title=\"buena-vista\" src=\"http:\/\/caderno.allanpatrick.net\/wp-content\/uploads\/2009\/09\/buena-vista.jpg\" alt=\"Buena Vista Social Club.\" width=\"500\" height=\"375\" \/><\/a><figcaption id=\"caption-attachment-1457\" class=\"wp-caption-text\">Buena Vista Social Club.<\/figcaption><\/figure><br \/>\n<figure id=\"attachment_1458\" aria-describedby=\"caption-attachment-1458\" style=\"width: 375px\" class=\"wp-caption aligncenter\"><a href=\"http:\/\/www.flickr.com\/photos\/allanpatrick\/tags\/mimo2009\/\"><img loading=\"lazy\" class=\"size-full wp-image-1458\" title=\"st-petersburg\" src=\"http:\/\/caderno.allanpatrick.net\/wp-content\/uploads\/2009\/09\/st-petersburg.jpg\" alt=\"St. Petersburg String Quartet.\" width=\"375\" height=\"500\" \/><\/a><figcaption id=\"caption-attachment-1458\" class=\"wp-caption-text\">St. Petersburg String Quartet.<\/figcaption><\/figure><\/p>\n<p style=\"text-align:justify;\">E eu ainda tive meus 15 segundos de fama concedendo <a href=\"http:\/\/pe360graus.globo.com\/videos\/diversao\/musica\/2009\/09\/07\/VID,12218,2,225,VIDEOS,879-BUENA-VISTA-SOCIAL-CLUB-CONQUISTA-PERNAMBUCANOS-NOITE-INSPIRADA-MIMO.aspx\">entrevista<\/a> \u00e0 filial pernambucana da Rede Globo.<\/p>\n","protected":false},"excerpt":{"rendered":"<p>Tive o prazer de presenciar dois eventos da Mostra Internacional de M\u00fasica em Olinda, Edi\u00e7\u00e3o 2009. Na Bas\u00edlica do Carmo, em Recife, o St. Petersburg String Quartet (Quarteto de Cordas de S\u00e3o Peterburgo, R\u00fassia). E, na Pra\u00e7a do Carmo em Olinda, uma apresenta\u00e7\u00e3o do inigual\u00e1vel Buena Vista Social Club. Parab\u00e9ns a Olinda pela organiza\u00e7\u00e3o de&hellip; <a class=\"more-link\" href=\"http:\/\/caderno.allanpatrick.net\/?p=1456\">Continue reading <span class=\"screen-reader-text\">Mimo 2009<\/span><\/a><\/p>\n","protected":false},"author":1,"featured_media":0,"comment_status":"open","ping_status":"open","sticky":false,"template":"","format":"standard","meta":[],"categories":[2],"tags":[88,464,471,475,498,635],"_links":{"self":[{"href":"http:\/\/caderno.allanpatrick.net\/index.php?rest_route=\/wp\/v2\/posts\/1456"}],"collection":[{"href":"http:\/\/caderno.allanpatrick.net\/index.php?rest_route=\/wp\/v2\/posts"}],"about":[{"href":"http:\/\/caderno.allanpatrick.net\/index.php?rest_route=\/wp\/v2\/types\/post"}],"author":[{"embeddable":true,"href":"http:\/\/caderno.allanpatrick.net\/index.php?rest_route=\/wp\/v2\/users\/1"}],"replies":[{"embeddable":true,"href":"http:\/\/caderno.allanpatrick.net\/index.php?rest_route=%2Fwp%2Fv2%2Fcomments&post=1456"}],"version-history":[{"count":0,"href":"http:\/\/caderno.allanpatrick.net\/index.php?rest_route=\/wp\/v2\/posts\/1456\/revisions"}],"wp:attachment":[{"href":"http:\/\/caderno.allanpatrick.net\/index.php?rest_route=%2Fwp%2Fv2%2Fmedia&parent=1456"}],"wp:term":[{"taxonomy":"category","embeddable":true,"href":"http:\/\/caderno.allanpatrick.net\/index.php?rest_route=%2Fwp%2Fv2%2Fcategories&post=1456"},{"taxonomy":"post_tag","embeddable":true,"href":"http:\/\/caderno.allanpatrick.net\/index.php?rest_route=%2Fwp%2Fv2%2Ftags&post=1456"}],"curies":[{"name":"wp","href":"https:\/\/api.w.org\/{rel}","templated":true}]}}