{"id":107,"date":"2009-05-15T20:54:58","date_gmt":"2009-05-15T23:54:58","guid":{"rendered":"http:\/\/caderno.allanpatrick.net\/?p=107"},"modified":"2009-05-15T20:54:58","modified_gmt":"2009-05-15T23:54:58","slug":"a-bolha-imobiliaria","status":"publish","type":"post","link":"http:\/\/caderno.allanpatrick.net\/?p=107","title":{"rendered":"A bolha imobili\u00e1ria"},"content":{"rendered":"<p><em><strong>Por Allan Patrick<\/strong><\/em><br \/>\nEsse gr\u00e1fico da revista The Economist mostra o tamanho do tombo no mercado imobili\u00e1rio americano e me faz crer que a crise ainda revelar\u00e1 m\u00e1s not\u00edcias para diversos v\u00e1rios pa\u00edses, principalmente a Espanha, onde os pre\u00e7os de im\u00f3veis ainda est\u00e3o nos patamares de 2007:<br \/>\n<figure id=\"attachment_108\" aria-describedby=\"caption-attachment-108\" style=\"width: 256px\" class=\"wp-caption aligncenter\"><a href=\"http:\/\/www.economist.com\/finance\/displaystory.cfm?story_id=13491933\"><img loading=\"lazy\" class=\"size-full wp-image-108\" title=\"Economist\" src=\"http:\/\/caderno.allanpatrick.net\/wp-content\/uploads\/2009\/04\/economist.gif\" alt=\"Evolu\u00e7\u00e3o dos pre\u00e7os de im\u00f3veis na Espanha, Irlanda, Gr\u00e3-Bretanha, Alemanha e EUA.\" width=\"256\" height=\"269\" \/><\/a><figcaption id=\"caption-attachment-108\" class=\"wp-caption-text\">Evolu\u00e7\u00e3o dos pre\u00e7os de im\u00f3veis na Espanha, Irlanda, Gr\u00e3-Bretanha, Alemanha e EUA.<\/figcaption><\/figure><\/p>\n<p style=\"text-align:center;\">Fonte: <a href=\"http:\/\/www.economist.com\/finance\/displaystory.cfm?story_id=13491933\">The Economist<\/a>, via <a href=\"http:\/\/www.escolar.net\/MT\/archives\/2009\/04\/todo-lo-que-sube-baja.html\">Escolar.net<\/a> e <a href=\"http:\/\/rinzewind.org\/archives\/2009\/04\/20\/estamos-aqui-arriba\/\">Las penas del Agente Smith<\/a>.<\/p>\n<p>Tamb\u00e9m me leva a conjecturar que a bolha imobili\u00e1ria em Natal pode desinflar de um modo mais bruco do que eu pensava e comentava com amigos, posto que h\u00e1 muitos im\u00f3veis na nossa cidade que pertencem a investidores espanh\u00f3is e eles podem eventualmente ser levados a vender esse ativos para cobrir perdas a serem registradas, no futuro, em seu pa\u00eds de origem.<\/p>\n","protected":false},"excerpt":{"rendered":"<p>Por Allan Patrick Esse gr\u00e1fico da revista The Economist mostra o tamanho do tombo no mercado imobili\u00e1rio americano e me faz crer que a crise ainda revelar\u00e1 m\u00e1s not\u00edcias para diversos v\u00e1rios pa\u00edses, principalmente a Espanha, onde os pre\u00e7os de im\u00f3veis ainda est\u00e3o nos patamares de 2007: Fonte: The Economist, via Escolar.net e Las penas&hellip; <a class=\"more-link\" href=\"http:\/\/caderno.allanpatrick.net\/?p=107\">Continue reading <span class=\"screen-reader-text\">A bolha imobili\u00e1ria<\/span><\/a><\/p>\n","protected":false},"author":1,"featured_media":0,"comment_status":"open","ping_status":"open","sticky":false,"template":"","format":"standard","meta":[],"categories":[2],"tags":[76,213,236,477,595,658],"_links":{"self":[{"href":"http:\/\/caderno.allanpatrick.net\/index.php?rest_route=\/wp\/v2\/posts\/107"}],"collection":[{"href":"http:\/\/caderno.allanpatrick.net\/index.php?rest_route=\/wp\/v2\/posts"}],"about":[{"href":"http:\/\/caderno.allanpatrick.net\/index.php?rest_route=\/wp\/v2\/types\/post"}],"author":[{"embeddable":true,"href":"http:\/\/caderno.allanpatrick.net\/index.php?rest_route=\/wp\/v2\/users\/1"}],"replies":[{"embeddable":true,"href":"http:\/\/caderno.allanpatrick.net\/index.php?rest_route=%2Fwp%2Fv2%2Fcomments&post=107"}],"version-history":[{"count":0,"href":"http:\/\/caderno.allanpatrick.net\/index.php?rest_route=\/wp\/v2\/posts\/107\/revisions"}],"wp:attachment":[{"href":"http:\/\/caderno.allanpatrick.net\/index.php?rest_route=%2Fwp%2Fv2%2Fmedia&parent=107"}],"wp:term":[{"taxonomy":"category","embeddable":true,"href":"http:\/\/caderno.allanpatrick.net\/index.php?rest_route=%2Fwp%2Fv2%2Fcategories&post=107"},{"taxonomy":"post_tag","embeddable":true,"href":"http:\/\/caderno.allanpatrick.net\/index.php?rest_route=%2Fwp%2Fv2%2Ftags&post=107"}],"curies":[{"name":"wp","href":"https:\/\/api.w.org\/{rel}","templated":true}]}}